{"id":855,"date":"2016-03-15T14:17:56","date_gmt":"2016-03-15T14:17:56","guid":{"rendered":"http:\/\/acaopolitica.com\/?p=855"},"modified":"2016-03-15T18:18:23","modified_gmt":"2016-03-15T18:18:23","slug":"da-geracao-cazuza-a-geracao-das-ruas","status":"publish","type":"post","link":"http:\/\/acaopolitica.com\/index.php\/2016\/03\/15\/da-geracao-cazuza-a-geracao-das-ruas\/","title":{"rendered":"Da \u201cgera\u00e7\u00e3o Cazuza\u201d \u00e0\u00a0\u201cgera\u00e7\u00e3o das ruas\u201d"},"content":{"rendered":"<p style=\"text-align: justify;\">O que fazer quando um governo em pleno exerc\u00edcio sofre a maior manifesta\u00e7\u00e3o da hist\u00f3ria de seu pa\u00eds, qui\u00e7\u00e1 a maior da humanidade e simplesmente vira as costas para tudo o que foi conclamado e faz tudo o contr\u00e1rio? O que fazer quando um governante em sua campanha eleitoral prometia investiga\u00e7\u00e3o plena a quem quer que fosse e quando assume pratica manobras pol\u00edticas para driblar a pr\u00f3pria justi\u00e7a em prol de um mando de poder dentro de um jogo onde o que prevalece \u00e9 a corrup\u00e7\u00e3o?<\/p>\n<p style=\"text-align: justify;\">Na d\u00e9cada de 80, pr\u00f3ximo ao fim dos governos militares, jovens encantados com a ut\u00f3pica democracia cantavam sobre limpeza no congresso brasileiro, gritavam palavras de ordem contra a corrup\u00e7\u00e3o e aplaudiam discursos de quem prometia mais oportunidade \u00e0s minorias, no entanto o que mais me assusta \u00e9 que alguns desses milhares de jovens da d\u00e9cada de 80 hoje defendem os ideais que outrora iam contra, cheguei a conversar com um desses jovens da \u201cgera\u00e7\u00e3o Cazuza\u201d que me disse: \u201cdeixem o governo em paz, todos roubaram, agora \u00e9 a vez deles\u201d. Quanta mudan\u00e7a de pensamento, talvez o pai dele dizia a mesma coisa sobre os pol\u00edticos da \u00e9poca e ele esbravejava indignado contra seu pai, agora faz o mesmo com seus filhos que v\u00e3o as ruas lutar por um Brasil limpo.<\/p>\n<p style=\"text-align: justify;\">A esquerda governista \u201cperseguida\u201d no passado hoje cerra os ouvidos ao clamor da popula\u00e7\u00e3o. Onde est\u00e1 a democracia se n\u00e3o dentro da boca de cada brasileiro que vai as ruas em todo o pa\u00eds gritar por justi\u00e7a? Uns dizem que \u00e9 persegui\u00e7\u00e3o partid\u00e1ria, se fosse realmente financiado por algum partido de oposi\u00e7\u00e3o os l\u00edderes tucanistas n\u00e3o seriam enxotados das manifesta\u00e7\u00f5es, na verdade somente um \u00fanico pol\u00edtico teve honra para subir em um caminh\u00e3o de som e gritar contra isso tudo e o sob aplausos chutou o pixuleco.<\/p>\n<p style=\"text-align: justify;\">Somos a nova gera\u00e7\u00e3o que grita e clama como nossos pais fizeram, no entanto n\u00e3o queremos mais do mesmo, n\u00e3o queremos um novo autoritarismo com roupagem vermelha, queremos uma democracia vestida de verde e amarelo, queremos o homem livre e queremos pol\u00edticos que nos representem de verdade. Chega de fal\u00e1cias, chega de o \u201cpai dos pobres\u201c que rouba cruz e talheres de ouro. Merecemos bem mais que isso, n\u00e3o fomos as ruas atoa, merecemos um pa\u00eds com ordem e progresso.<\/p>\n<p style=\"text-align: justify;\">Autor: <a href=\"https:\/\/www.facebook.com\/gazzaneu\" target=\"_blank\">Prof. Marcelo Gazzaneu<\/a><\/p>\n","protected":false},"excerpt":{"rendered":"<p>O que fazer quando um governo em pleno exerc\u00edcio sofre a maior manifesta\u00e7\u00e3o da hist\u00f3ria de seu pa\u00eds, qui\u00e7\u00e1 a maior da humanidade e simplesmente&#8230;<\/p>\n","protected":false},"author":16,"featured_media":858,"comment_status":"open","ping_status":"open","sticky":false,"template":"","format":"standard","meta":[],"categories":[2],"tags":[],"_links":{"self":[{"href":"http:\/\/acaopolitica.com\/index.php\/wp-json\/wp\/v2\/posts\/855"}],"collection":[{"href":"http:\/\/acaopolitica.com\/index.php\/wp-json\/wp\/v2\/posts"}],"about":[{"href":"http:\/\/acaopolitica.com\/index.php\/wp-json\/wp\/v2\/types\/post"}],"author":[{"embeddable":true,"href":"http:\/\/acaopolitica.com\/index.php\/wp-json\/wp\/v2\/users\/16"}],"replies":[{"embeddable":true,"href":"http:\/\/acaopolitica.com\/index.php\/wp-json\/wp\/v2\/comments?post=855"}],"version-history":[{"count":1,"href":"http:\/\/acaopolitica.com\/index.php\/wp-json\/wp\/v2\/posts\/855\/revisions"}],"predecessor-version":[{"id":856,"href":"http:\/\/acaopolitica.com\/index.php\/wp-json\/wp\/v2\/posts\/855\/revisions\/856"}],"wp:featuredmedia":[{"embeddable":true,"href":"http:\/\/acaopolitica.com\/index.php\/wp-json\/wp\/v2\/media\/858"}],"wp:attachment":[{"href":"http:\/\/acaopolitica.com\/index.php\/wp-json\/wp\/v2\/media?parent=855"}],"wp:term":[{"taxonomy":"category","embeddable":true,"href":"http:\/\/acaopolitica.com\/index.php\/wp-json\/wp\/v2\/categories?post=855"},{"taxonomy":"post_tag","embeddable":true,"href":"http:\/\/acaopolitica.com\/index.php\/wp-json\/wp\/v2\/tags?post=855"}],"curies":[{"name":"wp","href":"https:\/\/api.w.org\/{rel}","templated":true}]}}