{"id":859,"date":"2016-03-16T02:51:51","date_gmt":"2016-03-16T02:51:51","guid":{"rendered":"http:\/\/acaopolitica.com\/?p=859"},"modified":"2016-03-16T02:53:27","modified_gmt":"2016-03-16T02:53:27","slug":"argentina-e-os-ciclos-economicos-o-que-podemos-aprender","status":"publish","type":"post","link":"http:\/\/acaopolitica.com\/index.php\/2016\/03\/16\/argentina-e-os-ciclos-economicos-o-que-podemos-aprender\/","title":{"rendered":"Argentina e os ciclos econ\u00f4micos, o que podemos aprender"},"content":{"rendered":"<p style=\"text-align: justify;\"><span style=\"color: #333333;\">Um pa\u00eds com liberdade econ\u00f4mica, propriedade privada assegurada, altos n\u00edveis de imigra\u00e7\u00e3o europeia, fortes investimentos externos e o d\u00e9cimo PIB per capita do mundo. Acreditem ou n\u00e3o, esta era a Argentina no in\u00edcio do s\u00e9culo XX, n\u00e3o era incomum ouvir a express\u00e3o &#8220;rico como um argentino&#8221; em meio \u00e0 aristocracia brit\u00e2nica.<\/span><\/p>\n<p style=\"text-align: justify;\"><span style=\"color: #333333;\">E hoje? Ap\u00f3s sucessivos governos populistas, infla\u00e7\u00f5es astron\u00f4micas e gasto p\u00fablico descontrolado; a Argentina \u00e9 um sin\u00f4nimo de m\u00e1 gest\u00e3o, regula\u00e7\u00e3o de mercado e estat\u00edsticas forjadas. Em meio a todos estes fatores, o novo presidente Maur\u00edcio Macri tenta colocar o pa\u00eds nos eixos.<\/span><\/p>\n<p style=\"text-align: justify;\"><span style=\"color: #333333;\">Para entender como a Argentina chegou a este estado, precisamos voltar a 2003: ap\u00f3s a sa\u00edda do regime de convertibilidade o pa\u00eds encontrava-se com o caos instaurado, com contas banc\u00e1rias bloqueadas por 12 meses e saques em d\u00f3lares proibidos, este foi o \u201ccorralito\u201d aplicado por Fernando De la R\u00faa. Sucederam-se revoltas populares e ren\u00fancias, tanto de De la R\u00faa, quanto de seus sucessores; a Argentina teria tr\u00eas presidentes interinos em quest\u00e3o de duas semanas. Quando elei\u00e7\u00f5es foram finalmente convocadas, N\u00e9stor Kichner foi eleito em 2003 (com menos de 23% dos votos).<\/span><\/p>\n<p style=\"text-align: justify;\"><span style=\"color: #333333;\">\u00c9 nesse momento que entra um fator central para analisar a economia argentina do in\u00edcio de 2003 at\u00e9 o fim do governo de Cristina Kirchner, a Teoria Austr\u00edaca dos Ciclos Econ\u00f4micos (TACE). <\/span><\/p>\n<p style=\"text-align: justify;\"><span style=\"color: #333333;\">Esta teoria foi desenvolvida principalmente por Ludwig von Mises Friedrich August von Hayek, ela busca explicar as causas dos per\u00edodos de grande expans\u00e3o econ\u00f4mica (boom) e seus subsequentes momentos de depress\u00e3o e recess\u00e3o. Este processo \u00e9 causado por uma manipula\u00e7\u00e3o na taxa de juros pelo Banco Central e subsequente expans\u00e3o do cr\u00e9dito, isso faz com que a estrutura produtiva da economia seja afetada, causando um descompasso intertemporal entre poupan\u00e7a e investimento. Agora h\u00e1 abund\u00e2ncia de cr\u00e9dito sem uma poupan\u00e7a pr\u00e9via para lastre\u00e1-lo. Gra\u00e7as a isso, h\u00e1 grande incentivo para novos investimentos, al\u00e9m de causar um afrouxamento dos requisitos para concess\u00e3o de empr\u00e9stimos. A consequ\u00eancia disso s\u00e3o investimentos de maior risco. S\u00e3o realizados sobreinvestimentos e maus investimentos, que posteriormente causam um colapso.<\/span><\/p>\n<p style=\"text-align: justify;\"><span style=\"color: #333333;\">Retornando \u00e0 Argentina, N\u00e9stor Kirchner assumiu a presid\u00eancia com um panorama favor\u00e1vel: a forte desvaloriza\u00e7\u00e3o do peso fez com que os sal\u00e1rios e produtos argentinos ficassem muito competitivos internacionalmente, houve uma aus\u00eancia de grandes crises internacionais at\u00e9 2008, os Estados Unidos adotaram uma pol\u00edtica de juros baixos (Quantitative Easing ou Afrouxamento Quantitativo) e a China passou a demandar fortemente as commodities argentinas, fazendo com que seus pre\u00e7os subissem. Soma-se a isso o alto desemprego e capacidade ociosa da ind\u00fastria. <\/span><\/p>\n<p style=\"text-align: justify;\"><span style=\"color: #333333;\">As medidas utilizadas atrav\u00e9s dos governos Kirchner favoreceram um modelo voltado para o consumo (tal qual no Brasil), com juros baixos, altos gastos estatais e impostos crescentes. Durante todo o per\u00edodo de 2003 a 2015 a infla\u00e7\u00e3o de pre\u00e7os nunca foi admitida pelo presidente do Banco Central (Mart\u00edn Redrado), sendo que esta chegava a taxas at\u00e9 tr\u00eas vezes superiores \u00e0s apresentadas oficialmente. Al\u00e9m disso, n\u00e3o buscou-se independ\u00eancia para o Banco Central, este financiava constantemente os crescentes gastos p\u00fablicos pela emiss\u00e3o de moeda. Isso pode ser visto claramente pelo forte aumento na base monet\u00e1ria do pa\u00eds no per\u00edodo.<\/span><\/p>\n<p style=\"text-align: justify;\"><span style=\"color: #333333;\">As primeiras consequ\u00eancias do boom inicial apresentaram-se apenas em 2007, com a infla\u00e7\u00e3o persistente. O grande aprofundamento do modelo p\u00f4de ser observado durante o governo de Cristina Kirchner, principalmente nos dois anos de elei\u00e7\u00f5es (2007 e 2011) onde os gastos p\u00fablicos sofreram aumentos significativos. Junto disso veio a crise financeira internacional de 2008, que fez com que o governo adotasse diversas medidas antic\u00edclicas (aumento de cr\u00e9dito e demais incentivos ao consumo) no ano subsequente, somando um aumento dos gastos estatais.<\/span><\/p>\n<p style=\"text-align: justify;\"><span style=\"color: #333333;\">O resultado das pol\u00edticas fiscais e monet\u00e1rias expansionistas; tal qual o forte aumento na base monet\u00e1ria e os subs\u00eddios \u00e0 energia e transportes (chegando a 5% do PIB); foram um crescimento insustent\u00e1vel e infla\u00e7\u00f5es de dois d\u00edgitos.<\/span><br \/>\n<span style=\"color: #333333;\">O cerne causador do ciclo econ\u00f4mico desde per\u00edodo foram os gastos p\u00fablicos apoiados por taxas de juros abaixo da infla\u00e7\u00e3o e emiss\u00e3o de moeda. \u00c9 importante salientar que as medidas antic\u00edclicas adotadas fizeram com que houvesse um novo boom em 2009, piorando ainda mais as consequ\u00eancias do ciclo.<\/span><\/p>\n<p style=\"text-align: justify;\"><span style=\"color: #333333;\">Felizmente para a Argentina, a era Kirchner terminou. Mauricio Macri assumiu a presid\u00eancia e at\u00e9 agora vem tomando diversas medidas para liberar o mercado, baixando impostos e demitindo funcion\u00e1rios p\u00fablicos remanescentes da administra\u00e7\u00e3o anterior. \u00c9 poss\u00edvel que em seu governo a Argentina finalmente possa voltar ao caminho do crescimento sustent\u00e1vel, com um mercado livre e a diminui\u00e7\u00e3o do Estado.<\/span><\/p>\n<p style=\"text-align: justify;\"><span style=\"color: #333333;\">A situa\u00e7\u00e3o em terras tupiniquins n\u00e3o foi muito diferente, por\u00e9m ainda temos mais de meio mandato de nossa governante desprovida de gra\u00e7a por vir. A pergunta \u00e9, onde est\u00e1 nosso Macri?<\/span><\/p>\n<p style=\"text-align: justify;\"><span style=\"color: #808080;\">Gabriel Marquardt M\u00fcller, Blumenau\/SC<\/span><br \/>\n<span style=\"color: #808080;\">Formado em Ci\u00eancias Econ\u00f4micas pela Funda\u00e7\u00e3o Universidade Regional de Blumenau (FURB), com posi\u00e7\u00f5es que variam de conservador a libert\u00e1rio.<\/span><br \/>\n<span style=\"color: #808080;\">Autores favoritos: Fi\u00f3dor Dostoi\u00e9vski, Ludwig von Mises, Olavo de Carvalho.<\/span><br \/>\n<span style=\"color: #808080;\">Facebook: <a href=\"https:\/\/www.facebook.com\/gabriel.marquardtmuller\" target=\"_blank\">https:\/\/www.facebook.com\/gabriel.marquardtmuller<\/a><\/span><\/p>\n","protected":false},"excerpt":{"rendered":"<p>Um pa\u00eds com liberdade econ\u00f4mica, propriedade privada assegurada, altos n\u00edveis de imigra\u00e7\u00e3o europeia, fortes investimentos externos e o d\u00e9cimo PIB per capita do mundo. Acreditem&#8230;<\/p>\n","protected":false},"author":17,"featured_media":860,"comment_status":"open","ping_status":"open","sticky":false,"template":"","format":"standard","meta":[],"categories":[10],"tags":[],"_links":{"self":[{"href":"http:\/\/acaopolitica.com\/index.php\/wp-json\/wp\/v2\/posts\/859"}],"collection":[{"href":"http:\/\/acaopolitica.com\/index.php\/wp-json\/wp\/v2\/posts"}],"about":[{"href":"http:\/\/acaopolitica.com\/index.php\/wp-json\/wp\/v2\/types\/post"}],"author":[{"embeddable":true,"href":"http:\/\/acaopolitica.com\/index.php\/wp-json\/wp\/v2\/users\/17"}],"replies":[{"embeddable":true,"href":"http:\/\/acaopolitica.com\/index.php\/wp-json\/wp\/v2\/comments?post=859"}],"version-history":[{"count":2,"href":"http:\/\/acaopolitica.com\/index.php\/wp-json\/wp\/v2\/posts\/859\/revisions"}],"predecessor-version":[{"id":862,"href":"http:\/\/acaopolitica.com\/index.php\/wp-json\/wp\/v2\/posts\/859\/revisions\/862"}],"wp:featuredmedia":[{"embeddable":true,"href":"http:\/\/acaopolitica.com\/index.php\/wp-json\/wp\/v2\/media\/860"}],"wp:attachment":[{"href":"http:\/\/acaopolitica.com\/index.php\/wp-json\/wp\/v2\/media?parent=859"}],"wp:term":[{"taxonomy":"category","embeddable":true,"href":"http:\/\/acaopolitica.com\/index.php\/wp-json\/wp\/v2\/categories?post=859"},{"taxonomy":"post_tag","embeddable":true,"href":"http:\/\/acaopolitica.com\/index.php\/wp-json\/wp\/v2\/tags?post=859"}],"curies":[{"name":"wp","href":"https:\/\/api.w.org\/{rel}","templated":true}]}}