{"id":863,"date":"2016-03-16T11:45:35","date_gmt":"2016-03-16T11:45:35","guid":{"rendered":"http:\/\/acaopolitica.com\/?p=863"},"modified":"2016-03-16T03:02:20","modified_gmt":"2016-03-16T03:02:20","slug":"brasil-o-pais-que-era-para-ser-mas-nunca-foi-ou-keynes-estaria-orgulhoso","status":"publish","type":"post","link":"http:\/\/acaopolitica.com\/index.php\/2016\/03\/16\/brasil-o-pais-que-era-para-ser-mas-nunca-foi-ou-keynes-estaria-orgulhoso\/","title":{"rendered":"Brasil: o pa\u00eds que era para ser, mas nunca foi. Ou: Keynes estaria orgulhoso."},"content":{"rendered":"<p style=\"text-align: justify;\">Como chegamos aqui? Essa \u00e9 uma pergunta que muitos brasileiros devem estar fazendo a si mesmos. Como aquele pa\u00eds que acabara de adotar o real, assim livrando-se de d\u00e9cadas de infla\u00e7\u00e3o estratosf\u00e9rica, encontra-se agora com uma recess\u00e3o de 4% no PIB e infla\u00e7\u00e3o crescente? Juntam-se a isso os sucessivos rebaixamentos de nossa nota por ag\u00eancias internacionais de mensura\u00e7\u00e3o de risco.<\/p>\n<p style=\"text-align: justify;\">Diriam muitos que a raz\u00e3o desta crise foi o c\u00e2mbio valorizado, a doen\u00e7a holandesa e at\u00e9 mesmo a imagin\u00e1ria crise internacional. No entanto, para desespero de incont\u00e1veis keynesianos e desenvolvimentistas da Unicamp (tal qual Bresser Pereira e Guido Mantega), todas estas hip\u00f3teses est\u00e3o erradas. O Brasil \u00e9 um exemplo do estrago que o Estado pode causar \u00e0 economia.<\/p>\n<p style=\"text-align: justify;\">Apesar de o governo Lula ter praticado pol\u00edticas econ\u00f4micas relativamente civilizadas, com uma equipe econ\u00f4mica ortodoxa; veio a crise de 2008, e como n\u00e3o poderia ser diferente, a resposta a esta veio com as cl\u00e1ssicas medidas antic\u00edclicas, sendo uma delas a expans\u00e3o do cr\u00e9dito pelos bancos estatais (fazendo com que a maior parte do cr\u00e9dito no Brasil passasse a vir do setor p\u00fablico). \u00c9 importante lembrar que este cr\u00e9dito foi concedido a juros subsidiados, sendo muito inferior \u00e0 taxa referencial de juros (SELIC). Surgia ent\u00e3o a famigerada Nova Matriz Econ\u00f4mica. Al\u00e9m disso, o direcionamento destes empr\u00e9stimos \u00e9 pol\u00edtico, n\u00e3o seguindo necessariamente a l\u00f3gica de mercado. (Leandro Roque, 2014).<\/p>\n<p style=\"text-align: justify;\">Esta pol\u00edtica de subs\u00eddios se manteve como modus operandi do governo desde ent\u00e3o, isso fez com que a efici\u00eancia da SELIC para controle da infla\u00e7\u00e3o (por meio do seu aumento) diminu\u00edsse muito, dado que os empr\u00e9stimos subsidiados n\u00e3o eram afetados pelos aumentos. Este cr\u00e9dito extra expandiu a quantidade de dinheiro na economia, causando infla\u00e7\u00e3o atual.<\/p>\n<p style=\"text-align: justify;\">Isso nos leva ao instrumento principal para an\u00e1lise das causas da atual recess\u00e3o brasileira, a Teoria Austr\u00edaca dos Ciclos Econ\u00f4micos (TACE). Esta teoria foi desenvolvida principalmente por Ludwig von Mises Friedrich August von Hayek, buscando explicar as causas dos per\u00edodos de grande expans\u00e3o econ\u00f4mica (boom) e seus subsequentes momentos de depress\u00e3o e recess\u00e3o. Este processo \u00e9 causado por uma manipula\u00e7\u00e3o na taxa de juros pelo Banco Central e subsequente expans\u00e3o do cr\u00e9dito, isso faz com que a estrutura produtiva da economia seja afetada, causando um descompasso intertemporal entre poupan\u00e7a e investimento. Isso causa um aumento nos investimentos e, consequentemente, no endividamento dos agentes da economia, com maus investimentos.<br \/>\nNo curto prazo, os efeitos da expans\u00e3o credit\u00edcia sempre s\u00e3o ben\u00e9ficos. No caso brasileiro culminando num crescimento do PIB de 7,5% em 2010. J\u00e1 no longo prazo; algo frequentemente desprezado por keynesianos e desenvolvimentistas, dado que \u201cno longo prazo estaremos todos mortos\u201d \u2013 Keynes; as consequ\u00eancias destas pol\u00edticas se apresentam. Podemos v\u00ea-las claramente hoje: desemprego, endividamento, infla\u00e7\u00e3o, desconfian\u00e7a e recess\u00e3o. Todos estes fatores j\u00e1 eram previstos pela TACE com a aplica\u00e7\u00e3o destas pol\u00edticas expansionistas.<\/p>\n<p style=\"text-align: justify;\">E agora? Como resolver esta crise? Como sair da recess\u00e3o ap\u00f3s o governo ter obliterado todos os fundamentos da economia? Bem, a verdade \u00e9 que n\u00e3o precisamos olhar muito longe. A nova Argentina de Maur\u00edcio Macri anda a passos largos para o livre mercado, fazendo cair por terra anos de kirchnerismo. Sim, a Argentina (quem diria!).<\/p>\n<p style=\"text-align: justify;\">Enumerando mais especificamente alguns fatores essenciais para sairmos da crise:<\/p>\n<p style=\"text-align: justify; padding-left: 60px;\">1) Diminui\u00e7\u00e3o brutal ou isen\u00e7\u00e3o das tarifas de importa\u00e7\u00e3o.<\/p>\n<p style=\"text-align: justify; padding-left: 60px;\">2) Privatiza\u00e7\u00e3o de todas as empresas pertencentes ao Estado. Principalmente bancos.<\/p>\n<p style=\"text-align: justify; padding-left: 60px;\">3) Extin\u00e7\u00e3o de cargos comissionados n\u00e3o essenciais. (tal qual Macri fez na Argentina)<\/p>\n<p style=\"text-align: justify; padding-left: 60px;\">4) T\u00e9rmino da pol\u00edtica de expans\u00e3o monet\u00e1ria.<\/p>\n<p style=\"text-align: justify; padding-left: 60px;\">5) Ajuste REAL na pol\u00edtica fiscal do Estado, com cortes de facto no or\u00e7amento.<\/p>\n<p style=\"text-align: justify; padding-left: 60px;\">6) Diminui\u00e7\u00e3o e\/ou simplifica\u00e7\u00e3o dos tributos em todos os n\u00edveis, considerando-se a extin\u00e7\u00e3o de alguns.<\/p>\n<p style=\"text-align: justify; padding-left: 60px;\">7) Desmantelamento do esquema comunopetista, com a cassa\u00e7\u00e3o do registo do PT por este ser sujeito a uma organiza\u00e7\u00e3o estrangeira (Foro de S\u00e3o Paulo). \u2013 Olavo de Carvalho<\/p>\n<p style=\"text-align: justify; padding-left: 60px;\">8) Convoca\u00e7\u00e3o de novas elei\u00e7\u00f5es. Sem a utiliza\u00e7\u00e3o das urnas eletr\u00f4nicas da Smartmatic.<\/p>\n<p style=\"text-align: justify;\">Quanto ao aspecto espec\u00edfico do campo das ideias, faz-se necess\u00e1ria uma tr\u00e9gua entre conservadores, liberais e libert\u00e1rios; ao inv\u00e9s do constante confronto autodestrutivo.<\/p>\n<p style=\"text-align: justify;\">Em poucas palavras, o Brasil precisa de laissez-faire, ou livre mercado. Precisamos de um estado m\u00ednimo, por mais que esta perspectiva demore para se concretizar, \u00e9 necess\u00e1rio dar os primeiros passos nessa dire\u00e7\u00e3o.<\/p>\n","protected":false},"excerpt":{"rendered":"<p>Como chegamos aqui? Essa \u00e9 uma pergunta que muitos brasileiros devem estar fazendo a si mesmos. Como aquele pa\u00eds que acabara de adotar o real,&#8230;<\/p>\n","protected":false},"author":17,"featured_media":864,"comment_status":"open","ping_status":"open","sticky":false,"template":"","format":"standard","meta":[],"categories":[10],"tags":[],"_links":{"self":[{"href":"http:\/\/acaopolitica.com\/index.php\/wp-json\/wp\/v2\/posts\/863"}],"collection":[{"href":"http:\/\/acaopolitica.com\/index.php\/wp-json\/wp\/v2\/posts"}],"about":[{"href":"http:\/\/acaopolitica.com\/index.php\/wp-json\/wp\/v2\/types\/post"}],"author":[{"embeddable":true,"href":"http:\/\/acaopolitica.com\/index.php\/wp-json\/wp\/v2\/users\/17"}],"replies":[{"embeddable":true,"href":"http:\/\/acaopolitica.com\/index.php\/wp-json\/wp\/v2\/comments?post=863"}],"version-history":[{"count":1,"href":"http:\/\/acaopolitica.com\/index.php\/wp-json\/wp\/v2\/posts\/863\/revisions"}],"predecessor-version":[{"id":865,"href":"http:\/\/acaopolitica.com\/index.php\/wp-json\/wp\/v2\/posts\/863\/revisions\/865"}],"wp:featuredmedia":[{"embeddable":true,"href":"http:\/\/acaopolitica.com\/index.php\/wp-json\/wp\/v2\/media\/864"}],"wp:attachment":[{"href":"http:\/\/acaopolitica.com\/index.php\/wp-json\/wp\/v2\/media?parent=863"}],"wp:term":[{"taxonomy":"category","embeddable":true,"href":"http:\/\/acaopolitica.com\/index.php\/wp-json\/wp\/v2\/categories?post=863"},{"taxonomy":"post_tag","embeddable":true,"href":"http:\/\/acaopolitica.com\/index.php\/wp-json\/wp\/v2\/tags?post=863"}],"curies":[{"name":"wp","href":"https:\/\/api.w.org\/{rel}","templated":true}]}}