{"id":88,"date":"2015-09-20T02:59:48","date_gmt":"2015-09-20T02:59:48","guid":{"rendered":"http:\/\/acaopolitica.com\/?p=88"},"modified":"2015-09-20T03:00:06","modified_gmt":"2015-09-20T03:00:06","slug":"quebrar-o-termometro-nao-cura-a-febre","status":"publish","type":"post","link":"http:\/\/acaopolitica.com\/index.php\/2015\/09\/20\/quebrar-o-termometro-nao-cura-a-febre\/","title":{"rendered":"Quebrar o term\u00f4metro n\u00e3o cura a febre"},"content":{"rendered":"<p style=\"text-align: justify;\"><span style=\"color: #ff0000;\">No per\u00edodo do governo do PT (2003\/2014) houve um crescimento de pessoal na Uni\u00e3o (Executivo, Legislativo e Judici\u00e1rio) de 285.829 servidores.<\/span><\/p>\n<p style=\"text-align: justify;\"><span style=\"color: #0000ff;\">Prezados Senhores<\/span><\/p>\n<p style=\"text-align: justify;\"><span style=\"color: #0000ff;\">Confesso que estou de saco cheio de ler propostas e participar de palestras onde somente se aborda assuntos relacionados aos term\u00f4metros, quais sejam: Carga Tribut\u00e1ria. Estoque da D\u00edvida, Taxa de Juros, Taxa de C\u00e2mbio, Infla\u00e7\u00e3o, dentre outras.<\/span><\/p>\n<p style=\"text-align: justify;\"><span style=\"color: #0000ff;\">Todos esses indicadores s\u00e3o apenas term\u00f4metros da economia, n\u00e3o causa (febre). E n\u00e3o tenho d\u00favida de que uma das causas da nossa grave febre econ\u00f4mica \u00e9 o aparelhamento do estado brasileiro promovido pelo PT, conforme estudo abaixo, onde em 12 anos houve um acr\u00e9scimo 285.829 servidores p\u00fablicos federais iluminados, intoc\u00e1veis com os seus direitos adquirido e estabilidade de emprego, e o mais grave \u00e9 que estar\u00e3o imunes \u00e0 crise.<\/span><\/p>\n<p style=\"text-align: justify;\"><span style=\"color: #0000ff;\">Conhecendo o grau de periculosidade do bando refece de dem\u00f4nios que assumiram o poder em 2003, algu\u00e9m acreditaria na lisura dos concursos p\u00fablicos que selecionaram esses quase 300.000 servidores? Eu n\u00e3o. Meu primeiro ato no poder seria fazer um novo concurso, caso contr\u00e1rio estaria convivendo com inimigos mortais dentro do poder.<\/span><\/p>\n<p style=\"text-align: justify;\"><span style=\"color: #0000ff;\">Qual a necessidade do Legislativo Federal (81 senadores e 513 Deputados Federais) terem esse maracan\u00e3 de servidores p\u00fablicos?<\/span><\/p>\n<p><span style=\"color: #ff0000;\">O que vai adiantar trocar a mosca, se a merda continuar\u00e1 a mesma?<\/span><\/p>\n<p style=\"text-align: justify;\"><a href=\"http:\/\/acaopolitica.com\/wp-content\/uploads\/2015\/09\/art1.png\"><img loading=\"lazy\" class=\"alignnone size-full wp-image-89\" src=\"http:\/\/acaopolitica.com\/wp-content\/uploads\/2015\/09\/art1.png\" alt=\"art1\" width=\"632\" height=\"285\" srcset=\"http:\/\/acaopolitica.com\/wp-content\/uploads\/2015\/09\/art1.png 632w, http:\/\/acaopolitica.com\/wp-content\/uploads\/2015\/09\/art1-300x135.png 300w\" sizes=\"(max-width: 632px) 100vw, 632px\" \/><\/a><span style=\"color: #0000ff;\">No governo Lula (2003\/2010), comparando com dezembro de 2002, houve aumento do efetivo da Uni\u00e3o da ordem de 171.395 servidores: Legislativo aumento de 4.171; Judici\u00e1rio aumento de 39.134; Executivo Militar aumento de 42.581; Executivo Civil aumento de 116.533; MPU (Minist\u00e9rio P\u00fablico da Uni\u00e3o) aumento de 3.096 e Ex-Territ\u00f3rios e DF redu\u00e7\u00e3o de (34.120).<\/span><\/p>\n<p style=\"text-align: justify;\"><span style=\"color: #0000ff;\">No governo Dilma (2011\/2014), comparado com dezembro de 2010, houve aumento do efetivo da Uni\u00e3o da ordem de 114.434 servidores: Legislativo aumento de 50; Judici\u00e1rio redu\u00e7\u00e3o 3.104; Executivo Militar aumento de 30.146; Executivo Civil aumento de 78.939; MPU (Minist\u00e9rio P\u00fablico da Uni\u00e3o) aumento de 9.447 e Ex-Territ\u00f3rios e DF redu\u00e7\u00e3o de 1.044.<\/span><\/p>\n<p style=\"text-align: justify;\"><span style=\"color: #0000ff;\">No per\u00edodo do governo do PT (2003\/2014) houve um crescimento de pessoal na Uni\u00e3o (Executivo, Legislativo e Judici\u00e1rio) de 285.829 servidores.<\/span><\/p>\n<p style=\"text-align: center;\"><span style=\"color: #ff0000;\">Arquivos oficiais do governo est\u00e3o dispon\u00edveis aos leitores.<\/span><\/p>\n<p style=\"text-align: justify;\">Ricardo Bergamini<br \/>\n(48) 9636-7322<br \/>\n(48) 9976-6974<br \/>\n<a href=\"mailto:ricardobergamini@ricardobergamini.com.br\">ricardobergamini@ricardobergamini.com.br<\/a><br \/>\n<a href=\"http:\/\/www.ricardobergamini.com.br\" target=\"_blank\">http:\/\/www.ricardobergamini.com.br<\/a><\/p>\n<p style=\"text-align: justify; font-size: 10px;\">Fonte: comunica\u00e7\u00e3o pessoal recebida por Vanderlei Dallagnolo em 19\/09\/2015.<br \/>\nDireitos da imagem de ilustra\u00e7\u00e3o:<a href=\"http:\/\/www.shutterstock.com\" target=\"_blank\">\u00a0http:\/\/www.shutterstock.com<\/a><\/p>\n","protected":false},"excerpt":{"rendered":"<p>No per\u00edodo do governo do PT (2003\/2014) houve um crescimento de pessoal na Uni\u00e3o (Executivo, Legislativo e Judici\u00e1rio) de 285.829 servidores. Prezados Senhores Confesso que&#8230;<\/p>\n","protected":false},"author":1,"featured_media":90,"comment_status":"open","ping_status":"open","sticky":false,"template":"","format":"standard","meta":[],"categories":[10],"tags":[],"_links":{"self":[{"href":"http:\/\/acaopolitica.com\/index.php\/wp-json\/wp\/v2\/posts\/88"}],"collection":[{"href":"http:\/\/acaopolitica.com\/index.php\/wp-json\/wp\/v2\/posts"}],"about":[{"href":"http:\/\/acaopolitica.com\/index.php\/wp-json\/wp\/v2\/types\/post"}],"author":[{"embeddable":true,"href":"http:\/\/acaopolitica.com\/index.php\/wp-json\/wp\/v2\/users\/1"}],"replies":[{"embeddable":true,"href":"http:\/\/acaopolitica.com\/index.php\/wp-json\/wp\/v2\/comments?post=88"}],"version-history":[{"count":1,"href":"http:\/\/acaopolitica.com\/index.php\/wp-json\/wp\/v2\/posts\/88\/revisions"}],"predecessor-version":[{"id":91,"href":"http:\/\/acaopolitica.com\/index.php\/wp-json\/wp\/v2\/posts\/88\/revisions\/91"}],"wp:featuredmedia":[{"embeddable":true,"href":"http:\/\/acaopolitica.com\/index.php\/wp-json\/wp\/v2\/media\/90"}],"wp:attachment":[{"href":"http:\/\/acaopolitica.com\/index.php\/wp-json\/wp\/v2\/media?parent=88"}],"wp:term":[{"taxonomy":"category","embeddable":true,"href":"http:\/\/acaopolitica.com\/index.php\/wp-json\/wp\/v2\/categories?post=88"},{"taxonomy":"post_tag","embeddable":true,"href":"http:\/\/acaopolitica.com\/index.php\/wp-json\/wp\/v2\/tags?post=88"}],"curies":[{"name":"wp","href":"https:\/\/api.w.org\/{rel}","templated":true}]}}