{"id":892,"date":"2016-03-30T17:51:20","date_gmt":"2016-03-30T17:51:20","guid":{"rendered":"http:\/\/acaopolitica.com\/?p=892"},"modified":"2016-03-30T18:22:55","modified_gmt":"2016-03-30T18:22:55","slug":"comentario-sobre-divida-publica-03","status":"publish","type":"post","link":"http:\/\/acaopolitica.com\/index.php\/2016\/03\/30\/comentario-sobre-divida-publica-03\/","title":{"rendered":"Coment\u00e1rio sobre d\u00edvida p\u00fablica 03"},"content":{"rendered":"<div class=\"ContentRightInner t_mbgc t_qtc t_urtc\">\n<div id=\"inboxControl0fv-ReadMessageContainer\" class=\"v-ReadMessageContainer slideOnResize\" tabindex=\"-1\">\n<div class=\"c-ReadMessage\" data-link=\"class{readMessageClass: ~tag.Show}\">\n<div id=\"ReadMessageScrollableSection\" class=\"rmMessages ClearBoth\" tabindex=\"-1\">\n<div id=\"readMessagePartControl462f\" class=\"c-ReadMessagePart ReadMsgContainer HasLayout ClearBoth HideShadows FullPart NoHistory Read RmIc\" data-link=\"class{:~tag.getHeaderCssClass(IsConversationPart, IsRead, IsDraft, IsTrustedSender, Items.length)}\">\n<div class=\"c-ReadMessagePartBody\" data-link=\"class{getClass:IsBodyExpanded}\">\n<div class=\"readMsgBody\">\n<div id=\"bodyreadMessagePartBodyControl467f\" class=\"ExternalClass MsgBodyContainer\" data-link=\"class{:~tag.cssClasses(PlainText, IsContentFiltered)}\">\n<div dir=\"ltr\">\n<div class=\"ecxgmail_quote\">\n<div>\n<p dir=\"LTR\" align=\"JUSTIFY\"><span lang=\"pt-br\"><b><i><span style=\"color: #0070c0; font-family: Arial;\">Prezados Senhores<\/span><\/i><\/b><\/span><\/p>\n<p dir=\"LTR\" align=\"JUSTIFY\"><span lang=\"pt-br\"><b><i><span style=\"color: #0070c0; font-family: Arial;\">Mensalmente quando das divulga\u00e7\u00f5es dos n\u00fameros da economia fico estarrecido com a total ignor\u00e2ncia e irresponsabilidade com que a imprensa, de uma forma geral, divulga esses n\u00fameros. Ontem ao divulgar os n\u00fameros da d\u00edvida da Uni\u00e3o toda a imprensa, sem exce\u00e7\u00e3o, divulga a d\u00edvida da Uni\u00e3o em poder do mercado como sendo a d\u00edvida total da Uni\u00e3o, e o mais grave \u00e9 que isso \u00e9 feito de longa data, apesar de enviar mensagens para as reda\u00e7\u00f5es, nada mudam. Provavelmente as minhas mensagens, quando chegam \u00e0s reda\u00e7\u00f5es, devem ir para lixeira, consideradas como sendo de um louco que ousa questionar os jornalistas (donos absolutos da verdade) em seus pedestais acima de Deus.<\/span><\/i><\/b><\/span><\/p>\n<p dir=\"LTR\" align=\"JUSTIFY\"><span lang=\"pt-br\"><b><i><span style=\"color: #0070c0; font-family: Arial;\">Os leitores deveriam saber que esses t\u00edtulos da d\u00edvida da Uni\u00e3o, em poder do Banco Central, s\u00e3o na sua grande maioria, t\u00edtulos considerados podres (exemplo: t\u00edtulos das d\u00edvidas dos estados e munic\u00edpios, securitizadas pela Uni\u00e3o em 1997) que o mercado n\u00e3o confia (algu<\/span><\/i><\/b><\/span><b><i><\/i><\/b><b><i><\/i><\/b><span lang=\"pt-br\"><b><i><span style=\"color: #1f497d; font-family: Arial;\">\u00e9<\/span><\/i><\/b><\/span><b><i><\/i><\/b><b><i><\/i><\/b><span lang=\"pt-br\"><b><i><span style=\"color: #0070c0; font-family: Arial;\">m confiaria?). D\u00edvidas que tinham prazo de 30 anos para pagamento e que, sem nenhum crit\u00e9rio t\u00e9cnico, mas apenas como moeda de troca para apoio do governo est\u00e1 sendo refinanciada por mais 20 anos, assim sendo nada mais \u00e9 do que aumento disfar\u00e7ado de base monet\u00e1ria (grande pedalada oficial) que ningu\u00e9m toca no assunto. Talvez por isso a ordem oficial seja n\u00e3o divulgar, e as emissoras e jornais recebem como pagamento mais uma propaganda oficial in\u00fatil da \u201cBolsa Fam\u00edlia\u201d, dentre outras.<\/span><\/i><\/b><\/span><\/p>\n<p dir=\"LTR\" align=\"JUSTIFY\"><span lang=\"pt-br\"><b><i><span style=\"color: #0070c0; font-family: Arial;\">Por isso, e somente por isso, defendo a independ\u00eancia do Banco Central, que ficaria respons\u00e1vel apenas pela pol\u00edtica monet\u00e1ria e controle da infla\u00e7\u00e3o, e n\u00e3o como \u00e9 hoje, respons\u00e1vel pela d\u00edvida do governo. Nesse caso n\u00e3o existiria a excresc\u00eancia da \u201cpedalada oficial\u201d de t\u00edtulos carregados em carteira pelo Banco Central. A responsabilidade da coloca\u00e7\u00e3o e administra\u00e7\u00e3o desses t\u00edtulos seria do Tesouro, como funciona em todos os pa\u00edses desenvolvidos. E ningu\u00e9m debate esse assunto. No Brasil todas as propostas s\u00e3o de perfumaria, ou seja: \u201cfazer omelete sem quebras os ovos\u201d.\u00a0 <\/span><\/i><\/b><\/span><\/p>\n<p dir=\"LTR\" align=\"CENTER\"><span lang=\"pt-br\"><b><i><span style=\"color: #0070c0; font-family: Arial;\">D\u00edvida L\u00edquida Total da Uni\u00e3o (Interna e Externa) &#8211; Fonte MF<\/span><\/i><\/b><\/span><\/p>\n<p dir=\"LTR\" align=\"CENTER\"><b><i><\/i><\/b><b><i><span lang=\"pt-br\"><span style=\"color: #ff0000; font-family: Arial;\">Base: Fevereiro de 2016<\/span><\/span><\/i><\/b><\/p>\n<p dir=\"LTR\" align=\"CENTER\"><b><i><\/i><\/b><b><i><span lang=\"pt-br\"><span style=\"color: #0070c0; font-family: Arial;\">D\u00edvida L\u00edquida<\/span><\/span><\/i><\/b><\/p>\n<p dir=\"LTR\" align=\"CENTER\"><b><i><\/i><\/b><b><i><\/i><\/b><span lang=\"pt-br\"><b><i><span style=\"color: #0070c0; font-family: Arial;\">Total da Uni\u00e3o (Interna e Externa)<\/span><\/i><\/b><\/span><\/p>\n<p dir=\"LTR\" align=\"CENTER\"><span lang=\"pt-br\"><b><i><span style=\"color: #0070c0; font-family: Arial;\">Fonte MF &#8211; Base R$ bilh\u00f5es.<\/span><\/i><\/b><\/span><\/p>\n<p dir=\"LTR\" align=\"JUSTIFY\"><b><i><\/i><\/b><b><i><\/i><\/b><span lang=\"pt-br\"><b><i><span style=\"color: #0070c0; font-family: Arial;\">Itens\u00a0\u00a0<\/span><\/i><\/b><\/span><b><i><\/i><\/b><b><i><\/i><\/b><span lang=\"pt-br\"><b><i> <span style=\"color: #0070c0; font-family: Arial;\">2002\u00a0\u00a0\u00a0 % PIB\u00a0\u00a0 2010\u00a0\u00a0\u00a0 % PIB\u00a0\u00a0 Fev\/16\u00a0 % PIB\u00a0\u00a0<\/span><\/i><\/b><\/span><b><i><\/i><\/b><b><i><\/i><\/b><span lang=\"pt-br\"><b><i><br \/>\n<\/i><\/b><\/span><b><i><\/i><\/b><b><i><\/i><\/b><span lang=\"pt-br\"><b><i><span style=\"color: #0070c0; font-family: Arial;\">D\u00edvida Interna Em Poder do Mercado\u00a0\u00a0\u00a0\u00a0\u00a0<\/span><\/i><\/b><\/span><b><i><\/i><\/b><b><i><\/i><\/b><span lang=\"pt-br\"><b><i> <span style=\"color: #0070c0; font-family: Arial;\">558,9\u00a0\u00a0 37,54\u00a0\u00a0 1.603,9 41,28\u00a0\u00a0 2.678,2 45,00\u00a0\u00a0<\/span><\/i><\/b><\/span><b><i><\/i><\/b><b><i><\/i><\/b><span lang=\"pt-br\"><b><i><br \/>\n<\/i><\/b><\/span><b><i><\/i><\/b><b><i><\/i><\/b><span lang=\"pt-br\"><b><i><span style=\"color: #0070c0; font-family: Arial;\">D\u00edvida Interna Em Poder do Banco Central\u00a0\u00a0\u00a0\u00a0\u00a0\u00a0\u00a0<\/span><\/i><\/b><\/span><b><i><\/i><\/b><b><i><\/i><\/b><span lang=\"pt-br\"><b><i> <span style=\"color: #0070c0; font-family: Arial;\">282,1\u00a0\u00a0 18,95\u00a0\u00a0 694,0\u00a0\u00a0 17,86\u00a0\u00a0 1.274,5 21,42\u00a0\u00a0<\/span><\/i><\/b><\/span><b><i><\/i><\/b><b><i><\/i><\/b><span lang=\"pt-br\"><b><i><br \/>\n<\/i><\/b><\/span><b><i><\/i><\/b><b><i><\/i><\/b><span lang=\"pt-br\"><b><i><span style=\"color: #0070c0; font-family: Arial;\">D\u00edvida Externa L\u00edquida\u00a0<\/span><\/i><\/b><\/span><b><i><\/i><\/b><b><i><\/i><\/b><span lang=\"pt-br\"><b><i> <span style=\"color: #0070c0; font-family: Arial;\">262,9\u00a0\u00a0 17,66\u00a0\u00a0 90,1\u00a0\u00a0\u00a0 2,32\u00a0\u00a0\u00a0 141,2\u00a0\u00a0 2,37\u00a0\u00a0\u00a0<\/span><\/i><\/b><\/span><b><i><\/i><\/b><b><i><\/i><\/b><span lang=\"pt-br\"><b><i><br \/>\n<\/i><\/b><\/span><b><i><\/i><\/b><b><i><\/i><\/b><span lang=\"pt-br\"><b><i><span style=\"color: #ff0000; font-family: Arial;\">D\u00edvida Total L\u00edquida\u00a0\u00a0\u00a0<\/span><\/i><\/b><\/span><b><i><\/i><\/b><b><i><\/i><\/b><span lang=\"pt-br\"><b><i> <span style=\"color: #ff0000; font-family: Arial;\">1.103,9 74,15\u00a0\u00a0 2.388,0 61,46\u00a0\u00a0 4.093,9 68,80\u00a0\u00a0<\/span><\/i><\/b><\/span><b><i><\/i><\/b><b><i><\/i><\/b><span lang=\"pt-br\"><b><i><br \/>\n<\/i><\/b><\/span><b><i><\/i><\/b><b><i><\/i><\/b><span lang=\"pt-br\"><b><i><span style=\"color: #0070c0; font-family: Arial;\">PIB 2002 \u2013 (R$ 1.488,8 bilh\u00f5es); PIB 2010 \u2013 (R$ 3.885,8 bilh\u00f5es); <\/span><\/i><\/b><\/span><\/p>\n<p dir=\"LTR\" align=\"CENTER\"><span lang=\"pt-br\"><b><i><span style=\"color: #0070c0; font-family: Arial;\">PIB 2016 previs\u00e3o \u2013 (R$ 5.950,7 bilh\u00f5es).<\/span><\/i><\/b><\/span><\/p>\n<p dir=\"LTR\" align=\"JUSTIFY\"><b><i><\/i><\/b><b><i><span lang=\"pt-br\"><span style=\"color: #ff0000; font-family: Arial;\">D\u00edvida Interna Bruta da Uni\u00e3o em Poder do Mercado<\/span><\/span><\/i><\/b><\/p>\n<p dir=\"LTR\" align=\"JUSTIFY\"><b><i><\/i><\/b><b><i><\/i><\/b><span lang=\"pt-br\"><b><i><span style=\"color: #0000ff; font-family: Arial;\">\u00a0<\/span><\/i><\/b><\/span><\/p>\n<p dir=\"LTR\" align=\"JUSTIFY\"><b><i><\/i><\/b><b><i><\/i><\/b><span lang=\"pt-br\"><b><i><span style=\"color: #0070c0; font-family: Arial;\">&#8211; Aumento nominal da d\u00edvida interna bruta em poder do mercado de R$ 558,9 bilh\u00f5es (37,47% do PIB) em dezembro 2002 para R$ 1.603,9 bilh\u00f5es (41,28% do PIB) em dezembro 2010. Aumento real em rela\u00e7\u00e3o ao PIB de 10,17%. <\/span><\/i><\/b><\/span><\/p>\n<p dir=\"LTR\" align=\"JUSTIFY\"><b><i><\/i><\/b><b><i><span lang=\"pt-br\"><span style=\"color: #0070c0; font-family: Arial;\">&#8211; Aumento nominal da d\u00edvida interna bruta em poder do mercado de R$ 1.603,9 bilh\u00f5es (41,28 do PIB) em dezembro de 2010 para R$ 2.678,2 bilh\u00f5es (45,00% do PIB) em fevereiro de 2016. Aumento real em rela\u00e7\u00e3o ao PIB de9, 01%.<\/span><\/span><\/i><\/b><\/p>\n<p dir=\"LTR\" align=\"JUSTIFY\"><b><i><\/i><\/b><b><i><span lang=\"pt-br\"><span style=\"color: #ff0000; font-family: Arial;\">D\u00edvida Interna Bruta da Uni\u00e3o em Poder do Banco Central<\/span><\/span><\/i><\/b><\/p>\n<p dir=\"LTR\" align=\"JUSTIFY\"><b><i><\/i><\/b><b><i><span lang=\"pt-br\"><span style=\"color: #0070c0; font-family: Arial;\">&#8211; Aumento nominal da d\u00edvida interna bruta em poder do Banco Central de R$ 282,1 bilh\u00f5es (18,95% do PIB) em dezembro 2002 para R$ 694,0 bilh\u00f5es (17,86% do PIB) em dezembro de 2010. Redu\u00e7\u00e3o real em rela\u00e7\u00e3o ao PIB de 5,75%.<\/span><\/span><\/i><\/b><\/p>\n<p dir=\"LTR\" align=\"JUSTIFY\"><b><i><span lang=\"pt-br\"><span style=\"color: #0070c0; font-family: Arial;\">&#8211; Aumento nominal da d\u00edvida interna bruta em poder do Banco Central de R$ 694,0 bilh\u00f5es (17,86% do PIB) em dezembro de 2010 para R$ 1.274,5 bilh\u00f5es (21,42% do PIB) em fevereiro de 2016. Aumento real em rela\u00e7\u00e3o ao PIB de 19,93%.<\/span><\/span><\/i><\/b><\/p>\n<p dir=\"LTR\" align=\"JUSTIFY\"><b><i><\/i><\/b><b><i><span lang=\"pt-br\"><span style=\"color: #ff0000; font-family: Arial;\">D\u00edvida Interna Bruta da Uni\u00e3o Total (em Poder do Mercado e do Banco Central)<\/span><\/span><\/i><\/b><\/p>\n<p dir=\"LTR\" align=\"JUSTIFY\"><b><i><span lang=\"pt-br\"><span style=\"color: #0070c0; font-family: Arial;\">&#8211; Aumento nominal da d\u00edvida interna bruta total (em poder do mercado e do Banco Central) de R$ 841,0 bilh\u00f5es (56,49% do PIB) em dezembro 2002 para R$ 2.297,9 bilh\u00f5es (59,14% do PIB) em dezembro 2010. Aumento real em rela\u00e7\u00e3o ao PIB de 4,69%.<\/span><\/span><\/i><\/b><\/p>\n<p dir=\"LTR\" align=\"JUSTIFY\"><b><i><span lang=\"pt-br\"><span style=\"color: #0070c0; font-family: Arial;\">Aumento nominal da d\u00edvida interna bruta total (em poder do mercado e do Banco Central) de R$ 2.297,9 bilh\u00f5es (59,14% do PIB) em dezembro de 2010 para R$ 3.952,7 bilh\u00f5es (66,42% do PIB) em fevereiro de 2016. Aumento real em rela\u00e7\u00e3o ao PIB de 12,31%.<\/span><\/span><\/i><\/b><\/p>\n<p dir=\"LTR\" align=\"JUSTIFY\"><b><i><\/i><\/b><b><i><span lang=\"pt-br\"><span style=\"color: #ff0000; font-family: Arial;\">D\u00edvida Externa L\u00edquida da Uni\u00e3o (D\u00edvida Externa Bruta Menos Reservas)<\/span><\/span><\/i><\/b><\/p>\n<p dir=\"LTR\" align=\"JUSTIFY\"><b><i><\/i><\/b><b><i><\/i><\/b><span lang=\"pt-br\"><b><i><span style=\"color: #0070c0; font-family: Arial;\">&#8211; Redu\u00e7\u00e3o nominal da d\u00edvida externa l\u00edquida de R$ 262,9 bilh\u00f5es (17,66% do PIB) em dezembro 2002 para R$ 90,1 bilh\u00f5es (2,32% do PIB) em dezembro 2010. Redu\u00e7\u00e3o real em rela\u00e7\u00e3o ao PIB de 86,86%.<\/span><\/i><\/b><\/span><b><i><\/i><\/b><b><i> <\/i><\/b><\/p>\n<p dir=\"LTR\" align=\"JUSTIFY\"><b><i><\/i><\/b><b><i><span lang=\"pt-br\"><span style=\"color: #0070c0; font-family: Arial;\">&#8211; Aumento nominal da d\u00edvida externa l\u00edquida de R$ 90,1 bilh\u00f5es (2,32%do PIB) em dezembro de 2010 para R$ 141,2 bilh\u00f5es (2,37% do PIB) em fevereiro de 2016. Aumento real em rela\u00e7\u00e3o ao PIB de 2,15%.<\/span><\/span><\/i><\/b><\/p>\n<p dir=\"LTR\" align=\"JUSTIFY\"><b><i><span lang=\"pt-br\"><span style=\"color: #ff0000; font-family: Arial;\">D\u00edvida L\u00edquida Total da Uni\u00e3o (Interna e Externa)<\/span><\/span><\/i><\/b><\/p>\n<p dir=\"LTR\" align=\"JUSTIFY\"><b><i><\/i><\/b><b><i><span lang=\"pt-br\"><span style=\"color: #0070c0; font-family: Arial;\">&#8211; Aumento nominal da d\u00edvida total l\u00edquida da Uni\u00e3o (interna e Externa) de R$ 1.103,9 bilh\u00f5es (74,15% do PIB) em dezembro de 2002 para R$ 2.388,0 bilh\u00f5es (61,46% do PIB) em dezembro de 2010. Redu\u00e7\u00e3o real em rela\u00e7\u00e3o ao PIB de 17,11%.<\/span><\/span><\/i><\/b><\/p>\n<p dir=\"LTR\" align=\"JUSTIFY\"><b><i><span lang=\"pt-br\"><span style=\"color: #0070c0; font-family: Arial;\">&#8211; Aumento nominal da d\u00edvida total l\u00edquida da Uni\u00e3o (Interna e Externa) de R$ 2.388,0 bilh\u00f5es (61,46% do PIB) em dezembro de 2010 para R$ 4.093,9 bilh\u00f5es (68,80% do PIB) em fevereiro de 2016. Aumento real em rela\u00e7\u00e3o ao PIB de 11,94%.<\/span><\/span><\/i><\/b><\/p>\n<p dir=\"LTR\" align=\"CENTER\"><b><i><span lang=\"pt-br\"><span style=\"color: #ff0000; font-family: Arial;\">Arquivos oficiais do governo est\u00e3o dispon\u00edveis aos leitores.<\/span><\/span><\/i><\/b><\/p>\n<p dir=\"LTR\"><b><i><\/i><\/b><b><i><\/i><\/b><span lang=\"pt-br\"><b><i><span style=\"font-family: Arial;\">\u00a0<\/span><\/i><\/b><\/span><b><i><\/i><\/b><b><i><\/i><\/b><b><i><\/i><\/b><b><i><span lang=\"pt-br\"><span style=\"color: #0070c0; font-family: Arial;\">Ricardo Bergamini<\/span><\/span><\/i><\/b><\/p>\n<p dir=\"LTR\"><b><i><span lang=\"pt-br\"><span style=\"color: #0070c0; font-family: Arial;\">(48) 9636-7322<\/span><\/span><\/i><\/b><\/p>\n<p dir=\"LTR\"><b><i><span lang=\"pt-br\"><span style=\"color: #0070c0; font-family: Arial;\">(48) 9976-6974<\/span><\/span><\/i><\/b><\/p>\n<p dir=\"LTR\"><b><i><span lang=\"pt-br\"><span style=\"color: #0070c0; font-family: Arial;\">Membro do Grupo Pensar+<\/span><\/span><\/i><\/b> <a href=\"http:\/\/www.pontocritico.com\" target=\"_blank\"><b><i><\/i><\/b><b><i><\/i><\/b><b><i><u><\/u><\/i><\/b><b><i><u><span lang=\"pt-br\"><span style=\"color: #0000ff; font-family: Arial;\">www.pontocritico.com<\/span><\/span><\/u><\/i><\/b><\/a><b><i><\/i><\/b><b><i><\/i><\/b><b><i><u><\/u><\/i><\/b><b><i><u><\/u><\/i><\/b><\/p>\n<p dir=\"LTR\"><a href=\"mailto:ricardobergamini@ricardobergamini.com.br\" target=\"_blank\"><b><i><\/i><\/b><b><i><\/i><\/b><b><i><u><\/u><\/i><\/b><b><i><u><span lang=\"pt-br\"><span style=\"color: #0070c0; font-family: Arial;\">ricardobergamini@ricardobergamini.com.br<\/span><\/span><\/u><\/i><\/b><\/a><b><i><\/i><\/b><b><i><\/i><\/b><b><i><u><\/u><\/i><\/b><b><i><u><\/u><\/i><\/b><\/p>\n<p dir=\"LTR\"><a href=\"http:\/\/www.ricardobergamini.com.br\/\" target=\"_blank\"><b><i><\/i><\/b><b><i><\/i><\/b><b><i><u><\/u><\/i><\/b><b><i><u><span lang=\"pt-br\"><span style=\"color: #0070c0; font-family: Arial;\">www.ricardobergamini.com.br<\/span><\/span><\/u><\/i><\/b><\/a><b><i><\/i><\/b><b><i><\/i><\/b><b><i><\/i><\/b><b><i><\/i><\/b><\/p>\n<\/div>\n<\/div>\n<\/div>\n<\/div>\n<\/div>\n<\/div>\n<\/div>\n<\/div>\n<\/div>\n<\/div>\n<\/div>\n<h6 class=\"v-InboxFooterContainer\">\u00a0Fonte: comunica\u00e7\u00e3o pessoal enviada para Vanderlei Dallagno em 30\/03\/2015.<\/h6>\n","protected":false},"excerpt":{"rendered":"<p>Prezados Senhores Mensalmente quando das divulga\u00e7\u00f5es dos n\u00fameros da economia fico estarrecido com a total ignor\u00e2ncia e irresponsabilidade com que a imprensa, de uma forma&#8230;<\/p>\n","protected":false},"author":18,"featured_media":898,"comment_status":"open","ping_status":"open","sticky":false,"template":"","format":"standard","meta":[],"categories":[10],"tags":[],"_links":{"self":[{"href":"http:\/\/acaopolitica.com\/index.php\/wp-json\/wp\/v2\/posts\/892"}],"collection":[{"href":"http:\/\/acaopolitica.com\/index.php\/wp-json\/wp\/v2\/posts"}],"about":[{"href":"http:\/\/acaopolitica.com\/index.php\/wp-json\/wp\/v2\/types\/post"}],"author":[{"embeddable":true,"href":"http:\/\/acaopolitica.com\/index.php\/wp-json\/wp\/v2\/users\/18"}],"replies":[{"embeddable":true,"href":"http:\/\/acaopolitica.com\/index.php\/wp-json\/wp\/v2\/comments?post=892"}],"version-history":[{"count":5,"href":"http:\/\/acaopolitica.com\/index.php\/wp-json\/wp\/v2\/posts\/892\/revisions"}],"predecessor-version":[{"id":901,"href":"http:\/\/acaopolitica.com\/index.php\/wp-json\/wp\/v2\/posts\/892\/revisions\/901"}],"wp:featuredmedia":[{"embeddable":true,"href":"http:\/\/acaopolitica.com\/index.php\/wp-json\/wp\/v2\/media\/898"}],"wp:attachment":[{"href":"http:\/\/acaopolitica.com\/index.php\/wp-json\/wp\/v2\/media?parent=892"}],"wp:term":[{"taxonomy":"category","embeddable":true,"href":"http:\/\/acaopolitica.com\/index.php\/wp-json\/wp\/v2\/categories?post=892"},{"taxonomy":"post_tag","embeddable":true,"href":"http:\/\/acaopolitica.com\/index.php\/wp-json\/wp\/v2\/tags?post=892"}],"curies":[{"name":"wp","href":"https:\/\/api.w.org\/{rel}","templated":true}]}}