{"id":908,"date":"2016-03-31T23:04:52","date_gmt":"2016-03-31T23:04:52","guid":{"rendered":"http:\/\/acaopolitica.com\/?p=908"},"modified":"2016-04-01T00:41:08","modified_gmt":"2016-04-01T00:41:08","slug":"31-de-marco-de-1964-discussao-do-obvio-ululante","status":"publish","type":"post","link":"http:\/\/acaopolitica.com\/index.php\/2016\/03\/31\/31-de-marco-de-1964-discussao-do-obvio-ululante\/","title":{"rendered":"31 de Mar\u00e7o de 1964: Discuss\u00e3o do \u00d3bvio Ululante"},"content":{"rendered":"<div class=\"ContentRightInner t_mbgc t_qtc t_urtc\">\n<div id=\"inboxControl0fv-ReadMessageContainer\" class=\"v-ReadMessageContainer slideOnResize\" tabindex=\"-1\">\n<div class=\"c-ReadMessage\" data-link=\"class{readMessageClass: ~tag.Show}\">\n<div id=\"ReadMessageScrollableSection\" class=\"rmMessages ClearBoth\" tabindex=\"-1\">\n<div id=\"readMessagePartControl1039f\" class=\"c-ReadMessagePart ReadMsgContainer HasLayout ClearBoth HideShadows FullPart NoHistory Read RmIc\" data-link=\"class{:~tag.getHeaderCssClass(IsConversationPart, IsRead, IsDraft, IsTrustedSender, Items.length)}\">\n<div class=\"c-ReadMessagePartBody\" data-link=\"class{getClass:IsBodyExpanded}\">\n<div class=\"readMsgBody\">\n<div id=\"bodyreadMessagePartBodyControl1044f\" class=\"ExternalClass MsgBodyContainer\" data-link=\"class{:~tag.cssClasses(PlainText, IsContentFiltered)}\">\n<div dir=\"ltr\">\n<div class=\"ecxgmail_quote\">\n<div lang=\"PT-BR\">\n<div>\n<p class=\"ecxMsoNormal\" align=\"center\"><span style=\"color: #ff0000;\">Escrito por\u00a0\u00a0*<a style=\"color: #ff0000;\" href=\"http:\/\/rplib.com.br\/index.php\/component\/k2\/itemlist\/user\/8-jorgegeisel\" target=\"_blank\">Jorge Ernesto Macedo Geisel<\/a><\/span><u><\/u><u><\/u><\/p>\n<p class=\"ecxMsoNormal\" style=\"text-align: justify;\">\u00a0Sob o c\u00e9u nublado e um sol doentio de outono, em mar\u00e7o de 2016, poderemos estar inaugurando um perigoso ciclo de in\u00e9ditos tuf\u00f5es<\/p>\n<p class=\"ecxMsoNormal\" style=\"text-align: justify; padding-left: 90px;\"><em>&#8220;Circular a v\u00e1rios nobres de Portugal (Vieira:Bahia. aos 31.7.1694) Meu senhor &#8211; \u00c9 coisa t\u00e3o natural o responder, que at\u00e9 os penhascos duros respondem, e para as vozes t\u00eam eco. Pelo contr\u00e1rio, \u00e9 t\u00e3o grande viol\u00eancia n\u00e3o responder, que aos que nasceram mudos fez a natureza tamb\u00e9m surdos, porque se ouvissem, e n\u00e3o pudessem responder, rebentariam de dor.&#8221;<\/em> [ Cartas do Padre Vieira ]<u><\/u><u><\/u><\/p>\n<p class=\"ecxMsoNormal\" style=\"text-align: justify;\">Um pa\u00eds tem o formato moral de seus erros e acertos ao correr da Hist\u00f3ria. O passado brasileiro n\u00e3o tendo sido lisonjeiro, em qualquer per\u00edodo de seus quinhentos anos de exist\u00eancia, tem hoje no poder partidos, lideran\u00e7as e autoridades que refletem o est\u00e1gio de atraso monumental de nossa cultura pol\u00edtica. Infelizmente, como disse Spengler: &#8220;<em>O destino n\u00e3o se deixa definir, s\u00f3 vivenciar&#8221;&#8230;<\/em><u><\/u><u><\/u><\/p>\n<p class=\"ecxMsoNormal\" style=\"text-align: justify;\">A Revolu\u00e7\u00e3o de 31 de Mar\u00e7o de 1964 foi um acontecimento absolutamente previs\u00edvel, diante do quadro pol\u00edtico catastr\u00f3fico interno e sob a conjuntura da Bipolaridade, nascida da Guerra Fria e aquecida pela ado\u00e7\u00e3o do comunismo em Cuba e seu alinhamento aos des\u00edgnios sovi\u00e9ticos, na inquieta\u00e7\u00e3o ocidental pelas tentativas da desestabiliza\u00e7\u00e3o continental latino-americana. O Ex\u00e9rcito, que havia apressado a Rep\u00fablica, tinha com ela a responsabilidade guardi\u00e3 de seus rumos, dentro da normalidade constitucional plaus\u00edvel, isto \u00e9, dentro dos par\u00e2metros pol\u00edticos e hier\u00e1rquicos considerados permanentes para uma seguran\u00e7a institucional efetiva. As For\u00e7as Armadas, assim, n\u00e3o puderam permanecer est\u00e1ticas diante da obriga\u00e7\u00e3o moral de intervir nos rumos desastrados do Estado Brasileiro, prestes a sucumbir no abismo pol\u00edtico e sob um conflito interno de natureza absolutamente subversiva.<u><\/u><u><\/u><\/p>\n<p class=\"ecxMsoNormal\" style=\"text-align: justify;\">A an\u00e1lise radical, que objetiva separar o per\u00edodo de reg\u00eancia militar de 64, excluindo-a de um exame que come\u00e7a no per\u00edodo colonial at\u00e9 os dias de hoje, portanto, n\u00e3o contribui para a necess\u00e1ria autocr\u00edtica do Povo Brasileiro e de suas institui\u00e7\u00f5es de Estado, muito menos ainda para uma devida compreens\u00e3o dos graves problemas que assolam a Rep\u00fablica presidencialista principesca e pretensamente federativa que nos encerra, desde os idos da Revolu\u00e7\u00e3o de 30.<u><\/u><u><\/u><\/p>\n<p class=\"ecxMsoNormal\" style=\"text-align: justify;\">Os acontecimentos hist\u00f3ricos s\u00e3o desencadeados por uma sucess\u00e3o de fatos correlatos, que acabam desembocando em mudan\u00e7as provis\u00f3rias e ou permanentes, real\u00e7ando nossos pecados e virtudes originais. Assim, os sucessores de <a href=\"https:\/\/pt.wikipedia.org\/wiki\/Jo%C3%A3o_Figueiredo\" target=\"_blank\">Jo\u00e3o Batista Figueiredo<\/a>, at\u00e9 os cruciais adventos de Lula e Dilma, s\u00e3o frutos da inexperi\u00eancia pol\u00edtica e da fragilidade democr\u00e1tica brasileira, comprometida pela falta de fidelidade constitucional \u00e0 engenharia liberal e virtuosa de <a href=\"https:\/\/pt.wikipedia.org\/wiki\/Ruy_Barbosa\" target=\"_blank\">Rui Barbosa<\/a>, denominada Estados Unidos do Brasil. A liberdade, como a desejamos, sempre foi adiada em Pindorama. <u><\/u><u><\/u><\/p>\n<p class=\"ecxMsoNormal\" style=\"text-align: justify;\">\u00a0N\u00e3o h\u00e1 como entender a liberdade como um fruto venenoso nascido dos galhos envergados pelo peso do estatismo, enfraquecidos pela corrup\u00e7\u00e3o intensiva, pelo parasitismo p\u00fablico e pela delinqu\u00eancia dos agentes econ\u00f4micos privados. As pr\u00f3prias interven\u00e7\u00f5es nascidas da for\u00e7a, muitas vezes, ressurgem, gra\u00e7as aos ataques das crises pol\u00edticas, tornadas cr\u00f4nicas pelos pr\u00f3prios rem\u00e9dios aplicados pelo receitu\u00e1rio do Estado patrimonialista, provedor de assistencialismos e de inger\u00eancias descabidas, tidas como aplicadoras de \u201cjusti\u00e7a social\u201d e de pacifica\u00e7\u00f5es pela via de politicagens&#8230;<u><\/u><u><\/u><\/p>\n<p class=\"ecxMsoNormal\" style=\"text-align: justify;\">Os excessos cometidos em regimes autorit\u00e1rios s\u00e3o t\u00e3o lament\u00e1veis como os atos e fatos que fazem eclodir sistemas de controles partid\u00e1rios exacerbados, capazes de garantir a ordem democr\u00e1tica m\u00ednima e as impunidades, na considera\u00e7\u00e3o esp\u00faria de necessidade da manuten\u00e7\u00e3o de poderes constitucionais amea\u00e7ados pela simples oposi\u00e7\u00e3o aos seus malfeitos. <u><\/u><u><\/u><\/p>\n<p class=\"ecxMsoNormal\" style=\"text-align: justify;\">\u00a0Dentro dessa perspectiva, os militares brasileiros, de 1964 a 1985, foram muito mais comedidos e tolerantes do que Floriano Peixoto e a ditadura civil e fascista, durante os quinze longos anos de Get\u00falio Vargas &#8211; considerado pela sol\u00e9rcia pedag\u00f3gica nas escolas como tendo sido o modernizador do pa\u00eds. Tamb\u00e9m, estiveram muito longe da trucul\u00eancia dos seus colegas ibero-americanos. Suas lideran\u00e7as tinham a copiosa experi\u00eancia hist\u00f3rica e revolucion\u00e1ria, articulada \u00e0s necessidades e clamores do mundo civil \u00e0s portas dos quart\u00e9is. Seus inimigos principais e declarados, bem como os seus inconfidentes e detratores radicais de hoje, ao contr\u00e1rio, pertenciam \u00e0s fac\u00e7\u00f5es ideol\u00f3gicas minorit\u00e1rias e levadas ao poder pelas promessas populistas de cunho socialista, produtoras e alimentadoras da subvers\u00e3o, pelas demandas amorais. <u><\/u><u><\/u><\/p>\n<p class=\"ecxMsoNormal\" style=\"text-align: justify;\">\u00a0Hoje, os valores \u00e9ticos e pol\u00edticos, sob a bandeira hegem\u00f4nica de uma \u201cP\u00e1tria Grande\u201d, do crime organizado, da inseguran\u00e7a p\u00fablica, da corrup\u00e7\u00e3o, das &#8220;panelinhas&#8221;, da asfixia or\u00e7ament\u00e1ria governamental, da paralisia das atividades econ\u00f4mico-financeiras e do Emprego, s\u00e3o os resultados da agonia sustentada pela agita\u00e7\u00e3o de um governo central incompetente e eleito pelos recursos advindos de assaltos a bancos oficiais e de empresas estatais levadas \u00e0 ru\u00edna \u2013 o Contribuinte, sempre pagando o pato&#8230;<u><\/u><u><\/u><\/p>\n<p class=\"ecxMsoNormal\" style=\"text-align: justify;\">O verdadeiro democrata e federalista, n\u00e3o poder\u00e1 jamais aprovar qualquer m\u00e9todo discricion\u00e1rio e centralizador abusivo de poder, predominante em qualquer esfera da forma federativa de estado. A verdade, nua e crua, \u00e9 que jamais tivemos a Federa\u00e7\u00e3o, com suas subsidiariedades ouvidas e respeitadas. A manifesta\u00e7\u00e3o eleitoral \u00e9 viciada pelas leis pol\u00edticas tra\u00e7adas pelos pr\u00f3prios interessados na manuten\u00e7\u00e3o de seus privil\u00e9gios partid\u00e1rios, corporativos e representativos. A forma\u00e7\u00e3o pol\u00edtica dos homens que nos governaram e que nos governam, com suas limita\u00e7\u00f5es impostas pela aridez da criatividade libert\u00e1ria provocada pela ignor\u00e2ncia end\u00eamica, cometeram e ainda cometem os mesmos erros que nos embalam em crises sucessivas. Tamb\u00e9m n\u00e3o basta o Estado de Direito, \u00e9 preciso que os homens p\u00fablicos e os agentes institucionais da Autoridade sejam direitos. Sob o c\u00e9u nublado e um sol doentio de outono, em mar\u00e7o de 2016, poderemos estar inaugurando um perigoso ciclo de in\u00e9ditos tuf\u00f5es.<u><\/u><u><\/u><\/p>\n<p class=\"ecxMsoNormal\" style=\"text-align: justify;\"><u><\/u>\u00a0<u><\/u><\/p>\n<p class=\"ecxMsoNormal\" style=\"text-align: justify;\">*Jorge Geisel &lt;<a href=\"mailto:jorge.geisel@gmail.com\" target=\"_blank\">jorge.geisel@gmail.com<\/a>&gt;<u><\/u><u><\/u><\/p>\n<p class=\"ecxMsoNormal\" style=\"text-align: justify;\"><u><\/u>\u00a0<u><\/u><\/p>\n<p class=\"ecxMsoNormal\" style=\"text-align: justify;\"><u><\/u>\u00a0<u><\/u><\/p>\n<p class=\"ecxMsoNormal\" style=\"text-align: justify;\">Ricardo Bergamini<u><\/u><u><\/u><\/p>\n<p class=\"ecxMsoNormal\" style=\"text-align: justify;\">(48) 9636-7322<u><\/u><u><\/u><\/p>\n<p class=\"ecxMsoNormal\" style=\"text-align: justify;\">(48) 9976-6974<u><\/u><u><\/u><\/p>\n<p class=\"ecxMsoNormal\" style=\"text-align: justify;\">Membro do Grupo Pensar+ <u><a href=\"http:\/\/www.pontocritico.com\" target=\"_blank\">www.pontocritico.com<\/a><\/u><\/p>\n<p class=\"ecxMsoNormal\" style=\"text-align: justify;\"><a href=\"mailto:ricardobergamini@ricardobergamini.com.br\" target=\"_blank\">ricardobergamini@ricardobergamini.com.br<\/a><u><\/u><\/p>\n<p class=\"ecxMsoNormal\" style=\"text-align: justify;\"><a href=\"http:\/\/www.ricardobergamini.com.br\/\" target=\"_blank\">www.ricardobergamini.com.br<\/a><u><\/u><u><\/u><\/p>\n<\/div>\n<\/div>\n<\/div>\n<\/div>\n<\/div>\n<\/div>\n<\/div>\n<\/div>\n<\/div>\n<\/div>\n<\/div>\n<\/div>\n<div class=\"v-InboxFooterContainer\" style=\"text-align: justify;\">\n<h6 class=\"v-InboxFooterContainer\">\u00a0Fonte: comunica\u00e7\u00e3o pessoal enviada para Vanderlei Dallagnolo em 31\/03\/2015.<\/h6>\n<\/div>\n","protected":false},"excerpt":{"rendered":"<p>Escrito por\u00a0\u00a0*Jorge Ernesto Macedo Geisel \u00a0Sob o c\u00e9u nublado e um sol doentio de outono, em mar\u00e7o de 2016, poderemos estar inaugurando um perigoso ciclo&#8230;<\/p>\n","protected":false},"author":18,"featured_media":910,"comment_status":"open","ping_status":"open","sticky":false,"template":"","format":"standard","meta":[],"categories":[2],"tags":[],"_links":{"self":[{"href":"http:\/\/acaopolitica.com\/index.php\/wp-json\/wp\/v2\/posts\/908"}],"collection":[{"href":"http:\/\/acaopolitica.com\/index.php\/wp-json\/wp\/v2\/posts"}],"about":[{"href":"http:\/\/acaopolitica.com\/index.php\/wp-json\/wp\/v2\/types\/post"}],"author":[{"embeddable":true,"href":"http:\/\/acaopolitica.com\/index.php\/wp-json\/wp\/v2\/users\/18"}],"replies":[{"embeddable":true,"href":"http:\/\/acaopolitica.com\/index.php\/wp-json\/wp\/v2\/comments?post=908"}],"version-history":[{"count":5,"href":"http:\/\/acaopolitica.com\/index.php\/wp-json\/wp\/v2\/posts\/908\/revisions"}],"predecessor-version":[{"id":914,"href":"http:\/\/acaopolitica.com\/index.php\/wp-json\/wp\/v2\/posts\/908\/revisions\/914"}],"wp:featuredmedia":[{"embeddable":true,"href":"http:\/\/acaopolitica.com\/index.php\/wp-json\/wp\/v2\/media\/910"}],"wp:attachment":[{"href":"http:\/\/acaopolitica.com\/index.php\/wp-json\/wp\/v2\/media?parent=908"}],"wp:term":[{"taxonomy":"category","embeddable":true,"href":"http:\/\/acaopolitica.com\/index.php\/wp-json\/wp\/v2\/categories?post=908"},{"taxonomy":"post_tag","embeddable":true,"href":"http:\/\/acaopolitica.com\/index.php\/wp-json\/wp\/v2\/tags?post=908"}],"curies":[{"name":"wp","href":"https:\/\/api.w.org\/{rel}","templated":true}]}}