{"id":92,"date":"2015-09-20T03:25:57","date_gmt":"2015-09-20T03:25:57","guid":{"rendered":"http:\/\/acaopolitica.com\/?p=92"},"modified":"2015-10-05T14:32:35","modified_gmt":"2015-10-05T14:32:35","slug":"reuniao-da-equipe-do-ilv-19092015","status":"publish","type":"post","link":"http:\/\/acaopolitica.com\/index.php\/2015\/09\/20\/reuniao-da-equipe-do-ilv-19092015\/","title":{"rendered":"Reuni\u00e3o da equipe do IVL &#8211;  19\/09\/2015"},"content":{"rendered":"<p style=\"text-align: justify;\"><span style=\"color: #333333;\">Em 19\/09\/2015 tivemos mais uma reuni\u00e3o da equipe do Instituto Verdade e Liberdade (IVL) com a participa\u00e7\u00e3o de coordenadores e apoiadores.<\/span><\/p>\n<p style=\"text-align: justify;\"><span style=\"color: #333333;\">A reuni\u00e3o foi realizada no audit\u00f3rio do <span style=\"color: #3366ff;\"><a style=\"color: #3366ff;\" href=\"http:\/\/www.sesconblumenau.org.br\" target=\"_blank\">SESCON Blumenau<\/a><\/span>; espa\u00e7o gentilmente cedido em mais esta oportunidade. O que continua demonstrando o n\u00edvel elevado de consci\u00eancia da dire\u00e7\u00e3o e equipe do <a href=\"http:\/\/www.sesconblumenau.org.br\" target=\"_blank\">SESCON Blumenau<\/a> no que diz respeito \u00e0s demandas urgentes da sociedade brasileira.<\/span><\/p>\n<p style=\"text-align: justify;\">Foram tratados importantes assuntos sobre as opera\u00e7\u00f5es internas do IVL, bem como pautas de a\u00e7\u00f5es como multiplica\u00e7\u00e3o em cidades vizinhas, a\u00e7\u00f5es de pautas de interesse da cidade de Blumenau e muita troca de informa\u00e7\u00e3o.<\/p>\n<p style=\"text-align: justify;\">Abaixo alguns registros desta reuni\u00e3o:<\/p>\n<p style=\"text-align: justify;\"><a href=\"http:\/\/acaopolitica.com\/wp-content\/uploads\/2015\/09\/IMG-20150919-WA0009.jpg\"><img loading=\"lazy\" class=\"alignnone size-full wp-image-93\" src=\"http:\/\/acaopolitica.com\/wp-content\/uploads\/2015\/09\/IMG-20150919-WA0009.jpg\" alt=\"IMG-20150919-WA0009\" width=\"1600\" height=\"1200\" srcset=\"http:\/\/acaopolitica.com\/wp-content\/uploads\/2015\/09\/IMG-20150919-WA0009.jpg 1600w, http:\/\/acaopolitica.com\/wp-content\/uploads\/2015\/09\/IMG-20150919-WA0009-300x225.jpg 300w, http:\/\/acaopolitica.com\/wp-content\/uploads\/2015\/09\/IMG-20150919-WA0009-768x576.jpg 768w, http:\/\/acaopolitica.com\/wp-content\/uploads\/2015\/09\/IMG-20150919-WA0009-1030x773.jpg 1030w\" sizes=\"(max-width: 1600px) 100vw, 1600px\" \/><\/a><\/p>\n<p style=\"text-align: justify;\"><a href=\"http:\/\/acaopolitica.com\/wp-content\/uploads\/2015\/09\/IMG-20150919-WA0010.jpg\"><img loading=\"lazy\" class=\"alignnone size-full wp-image-94\" src=\"http:\/\/acaopolitica.com\/wp-content\/uploads\/2015\/09\/IMG-20150919-WA0010.jpg\" alt=\"IMG-20150919-WA0010\" width=\"1600\" height=\"1200\" srcset=\"http:\/\/acaopolitica.com\/wp-content\/uploads\/2015\/09\/IMG-20150919-WA0010.jpg 1600w, http:\/\/acaopolitica.com\/wp-content\/uploads\/2015\/09\/IMG-20150919-WA0010-300x225.jpg 300w, http:\/\/acaopolitica.com\/wp-content\/uploads\/2015\/09\/IMG-20150919-WA0010-768x576.jpg 768w, http:\/\/acaopolitica.com\/wp-content\/uploads\/2015\/09\/IMG-20150919-WA0010-1030x773.jpg 1030w\" sizes=\"(max-width: 1600px) 100vw, 1600px\" \/><\/a><\/p>\n<p style=\"text-align: justify;\"><a href=\"http:\/\/acaopolitica.com\/wp-content\/uploads\/2015\/09\/meet1.jpg\"><img loading=\"lazy\" class=\"alignnone size-full wp-image-99\" src=\"http:\/\/acaopolitica.com\/wp-content\/uploads\/2015\/09\/meet1.jpg\" alt=\"meet1\" width=\"960\" height=\"576\" srcset=\"http:\/\/acaopolitica.com\/wp-content\/uploads\/2015\/09\/meet1.jpg 960w, http:\/\/acaopolitica.com\/wp-content\/uploads\/2015\/09\/meet1-300x180.jpg 300w, http:\/\/acaopolitica.com\/wp-content\/uploads\/2015\/09\/meet1-768x461.jpg 768w\" sizes=\"(max-width: 960px) 100vw, 960px\" \/><\/a><\/p>\n<p style=\"text-align: justify;\"><a href=\"http:\/\/acaopolitica.com\/wp-content\/uploads\/2015\/09\/meet2.jpg\"><img loading=\"lazy\" class=\"alignnone size-full wp-image-100\" src=\"http:\/\/acaopolitica.com\/wp-content\/uploads\/2015\/09\/meet2.jpg\" alt=\"meet2\" width=\"960\" height=\"576\" srcset=\"http:\/\/acaopolitica.com\/wp-content\/uploads\/2015\/09\/meet2.jpg 960w, http:\/\/acaopolitica.com\/wp-content\/uploads\/2015\/09\/meet2-300x180.jpg 300w, http:\/\/acaopolitica.com\/wp-content\/uploads\/2015\/09\/meet2-768x461.jpg 768w\" sizes=\"(max-width: 960px) 100vw, 960px\" \/><\/a><\/p>\n<p style=\"text-align: justify; font-size: 11px;\">Imagens gentilmente cidades por:<br \/>\nIvan Claus:\u00a0<a href=\"https:\/\/www.facebook.com\/ivan.claus.50?fref=ts\" target=\"_blank\">https:\/\/www.facebook.com\/ivan.claus.50?fref=ts<br \/>\n<\/a>Alcione Kleine:\u00a0<a href=\"https:\/\/www.facebook.com\/alcione.kleine\" target=\"_blank\">https:\/\/www.facebook.com\/alcione.kleine<\/a><\/p>\n<p style=\"text-align: justify;\">\n","protected":false},"excerpt":{"rendered":"<p>Em 19\/09\/2015 tivemos mais uma reuni\u00e3o da equipe do Instituto Verdade e Liberdade (IVL) com a participa\u00e7\u00e3o de coordenadores e apoiadores. A reuni\u00e3o foi realizada&#8230;<\/p>\n","protected":false},"author":1,"featured_media":93,"comment_status":"open","ping_status":"open","sticky":false,"template":"","format":"standard","meta":[],"categories":[11],"tags":[],"_links":{"self":[{"href":"http:\/\/acaopolitica.com\/index.php\/wp-json\/wp\/v2\/posts\/92"}],"collection":[{"href":"http:\/\/acaopolitica.com\/index.php\/wp-json\/wp\/v2\/posts"}],"about":[{"href":"http:\/\/acaopolitica.com\/index.php\/wp-json\/wp\/v2\/types\/post"}],"author":[{"embeddable":true,"href":"http:\/\/acaopolitica.com\/index.php\/wp-json\/wp\/v2\/users\/1"}],"replies":[{"embeddable":true,"href":"http:\/\/acaopolitica.com\/index.php\/wp-json\/wp\/v2\/comments?post=92"}],"version-history":[{"count":6,"href":"http:\/\/acaopolitica.com\/index.php\/wp-json\/wp\/v2\/posts\/92\/revisions"}],"predecessor-version":[{"id":117,"href":"http:\/\/acaopolitica.com\/index.php\/wp-json\/wp\/v2\/posts\/92\/revisions\/117"}],"wp:featuredmedia":[{"embeddable":true,"href":"http:\/\/acaopolitica.com\/index.php\/wp-json\/wp\/v2\/media\/93"}],"wp:attachment":[{"href":"http:\/\/acaopolitica.com\/index.php\/wp-json\/wp\/v2\/media?parent=92"}],"wp:term":[{"taxonomy":"category","embeddable":true,"href":"http:\/\/acaopolitica.com\/index.php\/wp-json\/wp\/v2\/categories?post=92"},{"taxonomy":"post_tag","embeddable":true,"href":"http:\/\/acaopolitica.com\/index.php\/wp-json\/wp\/v2\/tags?post=92"}],"curies":[{"name":"wp","href":"https:\/\/api.w.org\/{rel}","templated":true}]}}