{"id":955,"date":"2016-04-27T16:21:19","date_gmt":"2016-04-27T16:21:19","guid":{"rendered":"http:\/\/acaopolitica.com\/?p=955"},"modified":"2016-04-27T16:28:41","modified_gmt":"2016-04-27T16:28:41","slug":"reuniao-apresentando-iniciativas-do-brasileiros-de-bem","status":"publish","type":"post","link":"http:\/\/acaopolitica.com\/index.php\/2016\/04\/27\/reuniao-apresentando-iniciativas-do-brasileiros-de-bem\/","title":{"rendered":"Reuni\u00e3o apresentando iniciativas do Brasileiros de Bem"},"content":{"rendered":"<p style=\"text-align: justify;\">Nesta ter\u00e7a-feira, 26\/04, v\u00e1rios coordenadores e apoiadores do <a href=\"https:\/\/www.facebook.com\/institutoverdadeeliberdade\/?ref=bookmarks\">IVL &#8211; Instituto Verdade de Liberdade<\/a> participaram de uma reuni\u00e3o de apresenta\u00e7\u00e3o e coordena\u00e7\u00e3o de grupos de trabalho de v\u00e1rias iniciativas do movimento Brasileiros de Bem.<\/p>\n<p style=\"text-align: justify;\">O Brasileiros de Bem \u00e9 uma iniciativa que visa aglutinar os esfor\u00e7os de parte de sociedade civil organizada em torno de pautas comuns que beneficiem toda a sociedade.<\/p>\n<p style=\"text-align: justify;\">Na reuni\u00e3o ainda haviam a presen\u00e7a de representantes de diversas outras entidades atuantes em Blumenau\/SC. Algumas que estavam presentes eram JCI Blumenau &#8211; Garcia, Alumni, Rotaract, MBL Blumenau, ma\u00e7onaria, comunidade de inova\u00e7\u00e3o de Blumenau e outros mais.<\/p>\n<p style=\"text-align: justify;\">O coordenador do IVL, <a href=\"https:\/\/www.facebook.com\/jose.galdino.756?fref=ts\">Jos\u00e9 Galdino<\/a>, est\u00e1 a frente do planejamento de uma das pautas atuais do movimento. Essa pauta \u00e9 o projeto C\u00e2mara Ideal que visa uma reforma da estrutura e atua\u00e7\u00e3o da C\u00e2mara de Vereadores de Blumenau. Se poss\u00edvel, tornando-se um modelo a ser replicado no pa\u00eds, preparando este n\u00edvel da representa\u00e7\u00e3o pol\u00edtico no sistema atual para posteriores mudan\u00e7as mais profundas. Trazendo o poder de decis\u00e3o cada vez mais pr\u00f3ximo do cidad\u00e3o e da<strong> comunidade local (bairros e cidades).<\/strong><\/p>\n<p style=\"text-align: justify;\">Algumas das iniciativas discutidas:<\/p>\n<ul>\n<li style=\"text-align: justify;\">Sou a favor do Brasil<\/li>\n<li style=\"text-align: justify;\">C\u00e2mara de Vereadores Ideal<\/li>\n<li style=\"text-align: justify;\">Mudan\u00e7a de hor\u00e1rio de sess\u00e3o da C\u00e2mara de Vereadores de Blumenau para o per\u00edodo noturno<\/li>\n<li style=\"text-align: justify;\"><a href=\"https:\/\/www.facebook.com\/Banco-do-Gog\u00f3-Livre-694496480673507\/\">Banco do Gog\u00f3 Livre<\/a><\/li>\n<li style=\"text-align: justify;\">Reforma do Pacto Federativo brasileiro<\/li>\n<\/ul>\n<p style=\"text-align: justify;\">Seguem alguns registros abaixo.<\/p>\n<h6 style=\"text-align: justify;\">Fonte:\u00a0Angelica Decarle e Alcione Kleine<\/h6>\n<p style=\"text-align: justify;\"><a href=\"http:\/\/acaopolitica.com\/wp-content\/uploads\/2016\/04\/feature_image.jpg\"><img loading=\"lazy\" class=\"alignnone size-full wp-image-956\" src=\"http:\/\/acaopolitica.com\/wp-content\/uploads\/2016\/04\/feature_image.jpg\" alt=\"feature_image\" width=\"1280\" height=\"720\" srcset=\"http:\/\/acaopolitica.com\/wp-content\/uploads\/2016\/04\/feature_image.jpg 1280w, http:\/\/acaopolitica.com\/wp-content\/uploads\/2016\/04\/feature_image-300x169.jpg 300w, http:\/\/acaopolitica.com\/wp-content\/uploads\/2016\/04\/feature_image-768x432.jpg 768w, http:\/\/acaopolitica.com\/wp-content\/uploads\/2016\/04\/feature_image-1030x579.jpg 1030w\" sizes=\"(max-width: 1280px) 100vw, 1280px\" \/><\/a><\/p>\n<p style=\"text-align: justify;\"><a href=\"http:\/\/acaopolitica.com\/wp-content\/uploads\/2016\/04\/13043711_10206313352852822_9183469348713596590_n.jpg\"><img loading=\"lazy\" class=\"alignnone size-full wp-image-957\" src=\"http:\/\/acaopolitica.com\/wp-content\/uploads\/2016\/04\/13043711_10206313352852822_9183469348713596590_n.jpg\" alt=\"13043711_10206313352852822_9183469348713596590_n\" width=\"960\" height=\"720\" srcset=\"http:\/\/acaopolitica.com\/wp-content\/uploads\/2016\/04\/13043711_10206313352852822_9183469348713596590_n.jpg 960w, http:\/\/acaopolitica.com\/wp-content\/uploads\/2016\/04\/13043711_10206313352852822_9183469348713596590_n-300x225.jpg 300w, http:\/\/acaopolitica.com\/wp-content\/uploads\/2016\/04\/13043711_10206313352852822_9183469348713596590_n-768x576.jpg 768w\" sizes=\"(max-width: 960px) 100vw, 960px\" \/><\/a> <a href=\"http:\/\/acaopolitica.com\/wp-content\/uploads\/2016\/04\/13051693_10206313350652767_8927557347096293214_n.jpg\"><img loading=\"lazy\" class=\"alignnone size-full wp-image-958\" src=\"http:\/\/acaopolitica.com\/wp-content\/uploads\/2016\/04\/13051693_10206313350652767_8927557347096293214_n.jpg\" alt=\"13051693_10206313350652767_8927557347096293214_n\" width=\"960\" height=\"720\" srcset=\"http:\/\/acaopolitica.com\/wp-content\/uploads\/2016\/04\/13051693_10206313350652767_8927557347096293214_n.jpg 960w, http:\/\/acaopolitica.com\/wp-content\/uploads\/2016\/04\/13051693_10206313350652767_8927557347096293214_n-300x225.jpg 300w, http:\/\/acaopolitica.com\/wp-content\/uploads\/2016\/04\/13051693_10206313350652767_8927557347096293214_n-768x576.jpg 768w\" sizes=\"(max-width: 960px) 100vw, 960px\" \/><\/a> <a href=\"http:\/\/acaopolitica.com\/wp-content\/uploads\/2016\/04\/13062515_10206313351212781_1513169003160190091_n.jpg\"><img loading=\"lazy\" class=\"alignnone size-full wp-image-959\" src=\"http:\/\/acaopolitica.com\/wp-content\/uploads\/2016\/04\/13062515_10206313351212781_1513169003160190091_n.jpg\" alt=\"13062515_10206313351212781_1513169003160190091_n\" width=\"960\" height=\"720\" srcset=\"http:\/\/acaopolitica.com\/wp-content\/uploads\/2016\/04\/13062515_10206313351212781_1513169003160190091_n.jpg 960w, http:\/\/acaopolitica.com\/wp-content\/uploads\/2016\/04\/13062515_10206313351212781_1513169003160190091_n-300x225.jpg 300w, http:\/\/acaopolitica.com\/wp-content\/uploads\/2016\/04\/13062515_10206313351212781_1513169003160190091_n-768x576.jpg 768w\" sizes=\"(max-width: 960px) 100vw, 960px\" \/><\/a> <a href=\"http:\/\/acaopolitica.com\/wp-content\/uploads\/2016\/04\/13087588_10206313349132729_6424955981561559005_n.jpg\"><img loading=\"lazy\" class=\"alignnone size-full wp-image-960\" src=\"http:\/\/acaopolitica.com\/wp-content\/uploads\/2016\/04\/13087588_10206313349132729_6424955981561559005_n.jpg\" alt=\"13087588_10206313349132729_6424955981561559005_n\" width=\"960\" height=\"720\" srcset=\"http:\/\/acaopolitica.com\/wp-content\/uploads\/2016\/04\/13087588_10206313349132729_6424955981561559005_n.jpg 960w, http:\/\/acaopolitica.com\/wp-content\/uploads\/2016\/04\/13087588_10206313349132729_6424955981561559005_n-300x225.jpg 300w, http:\/\/acaopolitica.com\/wp-content\/uploads\/2016\/04\/13087588_10206313349132729_6424955981561559005_n-768x576.jpg 768w\" sizes=\"(max-width: 960px) 100vw, 960px\" \/><\/a> <a href=\"http:\/\/acaopolitica.com\/wp-content\/uploads\/2016\/04\/13087612_10206313350132754_4399943296776301751_n.jpg\"><img loading=\"lazy\" class=\"alignnone size-full wp-image-961\" src=\"http:\/\/acaopolitica.com\/wp-content\/uploads\/2016\/04\/13087612_10206313350132754_4399943296776301751_n.jpg\" alt=\"13087612_10206313350132754_4399943296776301751_n\" width=\"960\" height=\"720\" srcset=\"http:\/\/acaopolitica.com\/wp-content\/uploads\/2016\/04\/13087612_10206313350132754_4399943296776301751_n.jpg 960w, http:\/\/acaopolitica.com\/wp-content\/uploads\/2016\/04\/13087612_10206313350132754_4399943296776301751_n-300x225.jpg 300w, http:\/\/acaopolitica.com\/wp-content\/uploads\/2016\/04\/13087612_10206313350132754_4399943296776301751_n-768x576.jpg 768w\" sizes=\"(max-width: 960px) 100vw, 960px\" \/><\/a> <a href=\"http:\/\/acaopolitica.com\/wp-content\/uploads\/2016\/04\/13087711_10206313353452837_8518289168505835034_n.jpg\"><img loading=\"lazy\" class=\"alignnone size-full wp-image-962\" src=\"http:\/\/acaopolitica.com\/wp-content\/uploads\/2016\/04\/13087711_10206313353452837_8518289168505835034_n.jpg\" alt=\"13087711_10206313353452837_8518289168505835034_n\" width=\"960\" height=\"720\" srcset=\"http:\/\/acaopolitica.com\/wp-content\/uploads\/2016\/04\/13087711_10206313353452837_8518289168505835034_n.jpg 960w, http:\/\/acaopolitica.com\/wp-content\/uploads\/2016\/04\/13087711_10206313353452837_8518289168505835034_n-300x225.jpg 300w, http:\/\/acaopolitica.com\/wp-content\/uploads\/2016\/04\/13087711_10206313353452837_8518289168505835034_n-768x576.jpg 768w\" sizes=\"(max-width: 960px) 100vw, 960px\" \/><\/a> <a href=\"http:\/\/acaopolitica.com\/wp-content\/uploads\/2016\/04\/13100820_10206313352372810_1794782765594669744_n.jpg\"><img loading=\"lazy\" class=\"alignnone size-full wp-image-963\" src=\"http:\/\/acaopolitica.com\/wp-content\/uploads\/2016\/04\/13100820_10206313352372810_1794782765594669744_n.jpg\" alt=\"13100820_10206313352372810_1794782765594669744_n\" width=\"960\" height=\"720\" srcset=\"http:\/\/acaopolitica.com\/wp-content\/uploads\/2016\/04\/13100820_10206313352372810_1794782765594669744_n.jpg 960w, http:\/\/acaopolitica.com\/wp-content\/uploads\/2016\/04\/13100820_10206313352372810_1794782765594669744_n-300x225.jpg 300w, http:\/\/acaopolitica.com\/wp-content\/uploads\/2016\/04\/13100820_10206313352372810_1794782765594669744_n-768x576.jpg 768w\" sizes=\"(max-width: 960px) 100vw, 960px\" \/><\/a> <a href=\"http:\/\/acaopolitica.com\/wp-content\/uploads\/2016\/04\/alcione.jpg\"><img loading=\"lazy\" class=\"alignnone size-full wp-image-964\" src=\"http:\/\/acaopolitica.com\/wp-content\/uploads\/2016\/04\/alcione.jpg\" alt=\"alcione\" width=\"960\" height=\"1280\" srcset=\"http:\/\/acaopolitica.com\/wp-content\/uploads\/2016\/04\/alcione.jpg 960w, http:\/\/acaopolitica.com\/wp-content\/uploads\/2016\/04\/alcione-225x300.jpg 225w, http:\/\/acaopolitica.com\/wp-content\/uploads\/2016\/04\/alcione-768x1024.jpg 768w, http:\/\/acaopolitica.com\/wp-content\/uploads\/2016\/04\/alcione-773x1030.jpg 773w\" sizes=\"(max-width: 960px) 100vw, 960px\" \/><\/a> <a href=\"http:\/\/acaopolitica.com\/wp-content\/uploads\/2016\/04\/alcione2.jpg\"><img loading=\"lazy\" class=\"alignnone size-full wp-image-965\" src=\"http:\/\/acaopolitica.com\/wp-content\/uploads\/2016\/04\/alcione2.jpg\" alt=\"alcione2\" width=\"960\" height=\"1280\" srcset=\"http:\/\/acaopolitica.com\/wp-content\/uploads\/2016\/04\/alcione2.jpg 960w, http:\/\/acaopolitica.com\/wp-content\/uploads\/2016\/04\/alcione2-225x300.jpg 225w, http:\/\/acaopolitica.com\/wp-content\/uploads\/2016\/04\/alcione2-768x1024.jpg 768w, http:\/\/acaopolitica.com\/wp-content\/uploads\/2016\/04\/alcione2-773x1030.jpg 773w\" sizes=\"(max-width: 960px) 100vw, 960px\" \/><\/a> <a href=\"http:\/\/acaopolitica.com\/wp-content\/uploads\/2016\/04\/ec9ab235-592c-46d5-b89f-86d9a8fb59de.jpg\"><img loading=\"lazy\" class=\"alignnone size-full wp-image-966\" src=\"http:\/\/acaopolitica.com\/wp-content\/uploads\/2016\/04\/ec9ab235-592c-46d5-b89f-86d9a8fb59de.jpg\" alt=\"ec9ab235-592c-46d5-b89f-86d9a8fb59de\" width=\"1280\" height=\"960\" srcset=\"http:\/\/acaopolitica.com\/wp-content\/uploads\/2016\/04\/ec9ab235-592c-46d5-b89f-86d9a8fb59de.jpg 1280w, http:\/\/acaopolitica.com\/wp-content\/uploads\/2016\/04\/ec9ab235-592c-46d5-b89f-86d9a8fb59de-300x225.jpg 300w, http:\/\/acaopolitica.com\/wp-content\/uploads\/2016\/04\/ec9ab235-592c-46d5-b89f-86d9a8fb59de-768x576.jpg 768w, http:\/\/acaopolitica.com\/wp-content\/uploads\/2016\/04\/ec9ab235-592c-46d5-b89f-86d9a8fb59de-1030x773.jpg 1030w\" sizes=\"(max-width: 1280px) 100vw, 1280px\" \/><\/a><\/p>\n","protected":false},"excerpt":{"rendered":"<p>Nesta ter\u00e7a-feira, 26\/04, v\u00e1rios coordenadores e apoiadores do IVL &#8211; Instituto Verdade de Liberdade participaram de uma reuni\u00e3o de apresenta\u00e7\u00e3o e coordena\u00e7\u00e3o de grupos de&#8230;<\/p>\n","protected":false},"author":1,"featured_media":956,"comment_status":"open","ping_status":"open","sticky":false,"template":"","format":"standard","meta":[],"categories":[11],"tags":[],"_links":{"self":[{"href":"http:\/\/acaopolitica.com\/index.php\/wp-json\/wp\/v2\/posts\/955"}],"collection":[{"href":"http:\/\/acaopolitica.com\/index.php\/wp-json\/wp\/v2\/posts"}],"about":[{"href":"http:\/\/acaopolitica.com\/index.php\/wp-json\/wp\/v2\/types\/post"}],"author":[{"embeddable":true,"href":"http:\/\/acaopolitica.com\/index.php\/wp-json\/wp\/v2\/users\/1"}],"replies":[{"embeddable":true,"href":"http:\/\/acaopolitica.com\/index.php\/wp-json\/wp\/v2\/comments?post=955"}],"version-history":[{"count":1,"href":"http:\/\/acaopolitica.com\/index.php\/wp-json\/wp\/v2\/posts\/955\/revisions"}],"predecessor-version":[{"id":967,"href":"http:\/\/acaopolitica.com\/index.php\/wp-json\/wp\/v2\/posts\/955\/revisions\/967"}],"wp:featuredmedia":[{"embeddable":true,"href":"http:\/\/acaopolitica.com\/index.php\/wp-json\/wp\/v2\/media\/956"}],"wp:attachment":[{"href":"http:\/\/acaopolitica.com\/index.php\/wp-json\/wp\/v2\/media?parent=955"}],"wp:term":[{"taxonomy":"category","embeddable":true,"href":"http:\/\/acaopolitica.com\/index.php\/wp-json\/wp\/v2\/categories?post=955"},{"taxonomy":"post_tag","embeddable":true,"href":"http:\/\/acaopolitica.com\/index.php\/wp-json\/wp\/v2\/tags?post=955"}],"curies":[{"name":"wp","href":"https:\/\/api.w.org\/{rel}","templated":true}]}}