{"id":976,"date":"2016-05-18T04:00:07","date_gmt":"2016-05-18T04:00:07","guid":{"rendered":"http:\/\/acaopolitica.com\/?p=976"},"modified":"2016-05-18T04:00:07","modified_gmt":"2016-05-18T04:00:07","slug":"a-cenoura-do-impeachment","status":"publish","type":"post","link":"http:\/\/acaopolitica.com\/index.php\/2016\/05\/18\/a-cenoura-do-impeachment\/","title":{"rendered":"A cenoura do impeachment"},"content":{"rendered":"<p style=\"text-align: justify;\">Autor: <a href=\"https:\/\/www.facebook.com\/eduardo.levy.5872?fref=nf\">Eduardo Levy<\/a><\/p>\n<p style=\"text-align: justify;\">H\u00e1 um erro grotesco circulando por a\u00ed que precisa ser corrigido, pelo bem dos contempor\u00e2neos e dos p\u00f3steros. \u00c9 um erro sobre cenouras. Qual \u00e9 a causa das cenouras? As cenouras aparecem para n\u00f3s como um produto no supermercado, mas ser\u00e3o os supermercados a causa das cenouras? N\u00e3o. Para produzir cenouras, \u00e9 necess\u00e1rio primeiro selecionar solos drenados, com boa capacidade de absor\u00e7\u00e3o de nutrientes e p.H. entre 6.0 e 6.5. Depois \u00e9 preciso selecionar boas sementes e, uma semana antes de plant\u00e1-las, preparar e fertilizar o solo. A seguir \u00e9 necess\u00e1rio plantar as sementes, hidrat\u00e1-las diariamente com cuidado para que n\u00e3o haja \u00e1gua em excesso nem com press\u00e3o demais, cobrir sempre com terra as cenouras germinantes para que n\u00e3o azedem, pod\u00e1-las constantemente e, depois de cerca de tr\u00eas meses, colh\u00ea-las. Por \u00faltimo \u00e9 preciso transport\u00e1-las para uma <a href=\"http:\/\/www.ceasa.sc.gov.br\">ceasa<\/a>, de onde ser\u00e3o levadas para um supermercado, local onde finalmente adquirem exist\u00eancia f\u00edsica para n\u00f3s. Mas teriam os supermercados criado as cenouras?<\/p>\n<p style=\"text-align: justify;\">H\u00e1 pessoas que est\u00e3o convencidas de que sim. S\u00e3o aquelas que veem um peda\u00e7o de gelo no mar e acreditam tratar-se antes de uma pedrinha flutuante que da pontinha de um iceberg de dez metros; aquela para as quais a <a href=\"https:\/\/pt.wikipedia.org\/wiki\/Revolu\u00e7\u00e3o_Russa_de_1917\">Revolu\u00e7\u00e3o Russa<\/a> poderia ter existido sem que antes tivesse existido <a href=\"https:\/\/pt.wikipedia.org\/wiki\/Karl_Marx\">Karl Marx<\/a> ou a <a href=\"https:\/\/pt.wikipedia.org\/wiki\/Revolu\u00e7\u00e3o_Francesa\">Revolu\u00e7\u00e3o Francesa<\/a> poderia ter existido sem que, antes, tivesse existido <a href=\"https:\/\/pt.wikipedia.org\/wiki\/Jean-Jacques_Rousseau\">Jean-Jacques Rousseau<\/a>. S\u00e3o pessoas, enfim, que enxergam a parte mais exterior de um fen\u00f4meno e acreditam tratar-se de todo o fen\u00f4meno. S\u00e3o as pessoas que acreditam que a principal, ou at\u00e9 a \u00fanica, causa do impeachment de Dilma Rousseff foi a atividade do Movimento Brasil Livre, as manifesta\u00e7\u00f5es ou, santo Deus!, o deputado Eduardo Cunha.<\/p>\n<p style=\"text-align: justify;\">Considere: quando Kim Kataguiri come\u00e7ou a convocar pessoas para manifesta\u00e7\u00f5es anti-PT, essa convoca\u00e7\u00e3o, pelas gra\u00e7as do carisma e do talento ret\u00f3rico de Kim, produziu na popula\u00e7\u00e3o o sentimento antipetista? Deu ci\u00eancia aos brasileiros dos planos totalit\u00e1rios e revolucion\u00e1rios do PT? Ensinou ao povo que o PT era corrupto? Instruiu o cidad\u00e3o ignaro quanto \u00e0s liga\u00e7\u00f5es entre os petistas e as ditaduras de Cuba e da Venezuela?<\/p>\n<p style=\"text-align: justify;\">A atividade do MBL foi a face mais exterior e vis\u00edvel de uma cadeia causal que tem pelo menos 20 anos. Foi o transporte da cenoura ao supermercado. \u00c9 uma a\u00e7\u00e3o importante, sem d\u00favida, imprescind\u00edvel para a conclus\u00e3o do processo, mas est\u00e1 muito longe de ser a principal, muito menos a \u00fanica, causa da cenoura.<\/p>\n<p style=\"text-align: justify;\">A causa do impeachment de Dilma Rousseff remonta ao ano de 1994. Sim, 1994. Foi quando foi publicado no Brasil o livro &#8220;<a href=\"http:\/\/www.livrariacultura.com.br\/p\/a-nova-era-e-a-revolucao-cultural-42273362?id_link=13574&amp;gclid=CjwKEAjwguu5BRDq8uSKhaKIzDkSJACQ7WJlgzDHj5jQhSXtGP45dFd_NVanKB4oiQ1ekHpN-nHmBxoCI77w_wcB\">A nova era e a revolu\u00e7\u00e3o cultural<\/a>&#8220;, o primeiro a denunciar os planos totalit\u00e1rios do PT, seus m\u00e9todos corruptos e a revolu\u00e7\u00e3o gramsciana em curso. Nessa \u00e9poca, Diogo Mainardi era um romancista, M\u00e1rio Sabino era um rep\u00f3rter desconhecido, Reinaldo Azevedo escrevia ensaios sobre Graciliano Ramos e Kim Kataguiri, bem&#8230; Kim Kataguiri n\u00e3o havia nascido. No livro se l\u00ea, por exemplo, o seguinte:<\/p>\n<p style=\"text-align: justify; padding-left: 90px;\"><em>&#8220;Pela sucess\u00e3o de acontecimentos desde a campanha do impeachment [de Collor], o PT mostrou sua voca\u00e7\u00e3o, para mim surpreendente, de partido manipulador e golpista, capaz de conduzir o pa\u00eds \u00e0s vias fraudulentas da &#8220;revolu\u00e7\u00e3o passiva&#8221; gramsciana, usando para isso dos meios mais covardes e il\u00edcitos &#8211; a espionagem pol\u00edtica, a chantagem psicol\u00f3gica, a prostitui\u00e7\u00e3o da cultura, o boicote a medidas saneadoras, a agita\u00e7\u00e3o hist\u00e9rica que apela aos sentimentos mais baixos da popula\u00e7\u00e3o -, e de adornar esse pacote de sujidades com um discurso moralista que recende a sacristia. O partido que, para sabotar um candidato, promove no lan\u00e7amento da nova moeda algo como uma &#8216;greve preventiva&#8217; sob a espantosa alega\u00e7\u00e3o de uma possibilidade te\u00f3rica de danos salariais futuros, sabendo que essa greve resultar\u00e1 em aumento do pre\u00e7o dos combust\u00edveis e em retomada do ciclo inflacion\u00e1rio, dando facticiamente confirma\u00e7\u00e3o retroativa aos danos anunciados, \u00e9 que, francamente, decidiu imitar o capeta: produz o mal para no ventre dele gerar o \u00f3dio, e no ventre do \u00f3dio o discurso de acusa\u00e7\u00e3o.&#8221;<\/em><\/p>\n<p style=\"text-align: justify;\">Em 1995 e 1996 seriam publicados, respectivamente, &#8220;<a href=\"http:\/\/www.livrariacultura.com.br\/p\/o-jardim-das-aflicoes-42859230\">O jardim das afli\u00e7\u00f5es<\/a>&#8221; e &#8220;<a href=\"http:\/\/www.saraiva.com.br\/o-imbecil-coletivo-i-atualidades-inculturais-brasileiras-col-olavo-de-carvalho-1413787.html\">O imbecil coletivo<\/a>&#8220;, mais duas monstruosas cacetadas no PT em particular e na esquerda em geral. Desde ent\u00e3o, Olavo de Carvalho exp\u00f5e essas ideias, de maneira muito mais aprofundada, em cursos particulares para milhares de alunos, que depois as exp\u00f5em a outros. Ainda em 1996, ele explicou o que o PT viria a se tornar em uma <a href=\"https:\/\/www.youtube.com\/watch?v=eGLKQDo-_1w\">entrevista a Pedro Bial (est\u00e1 dispon\u00edvel no YouTube)<\/a>. Tudo isso, naturalmente, foi considerado delirante, paranoico e conspiracionista, como de costume. Apenas &#8220;<a href=\"http:\/\/www.saraiva.com.br\/o-imbecil-coletivo-i-atualidades-inculturais-brasileiras-col-olavo-de-carvalho-1413787.html\">O imbecil coletivo<\/a>&#8220;, o menos substancial dos tr\u00eas livros, fez barulho, mas n\u00e3o exerceu influ\u00eancia maior, tanto que Lula foi eleito em 2002.<\/p>\n<p style=\"text-align: justify;\">Ora, quem tem um pouquinho de conhecimento hist\u00f3rico sabe como as ideias filos\u00f3ficas chegam a exercer influ\u00eancia na cultura. Quando aparecem, elas s\u00e3o conhecidas por dez, que as ensinam a 100, que as ensinam a 1000 e assim por diante, sempre na moita, sempre longe dos olhos do p\u00fablico em geral. Quando elas chegam a ter alguma influ\u00eancia em escala cultural, est\u00e3o t\u00e3o dilu\u00eddas que muitas vezes ningu\u00e9m sabe de onde vieram.<\/p>\n<p style=\"text-align: justify;\">Por volta de 2007, Reinaldo Azevedo publicou um artigo na revista &#8220;Veja&#8221; sobre a revolu\u00e7\u00e3o gramsciana que levara o PT ao poder. De onde voc\u00ea acha que veio aquilo? Voc\u00ea acha que um jornalista sem maior forma\u00e7\u00e3o filos\u00f3fica foi capaz de formul\u00e1-lo? Anos depois, Merval Pereira publicou em &#8220;O Globo&#8221; uma coluna sobre o Foro de Sao Paulo. De onde voc\u00ea acha que veio aquilo? Acha que Merval foi l\u00e1 olhar os documentos do Foro? Essas coisas foram acontecendo e se espalhando, lentamente, at\u00e9 chegar a um ponto em que muitas pessoas expunham as ideias do maluco, do paranoico, do conspiracionista sem ter a menor ideia de onde elas haviam vindo.<\/p>\n<p style=\"text-align: justify;\">Quando surgiu o Orkut e depois o Facebook, come\u00e7ou o <a href=\"http:\/\/www.seminariodefilosofia.org\/o-curso-online-de-filosofia\/\">Curso Online de Filosofia<\/a> (2009) e foi publicado &#8220;<a href=\"http:\/\/www.saraiva.com.br\/o-minimo-que-voce-precisa-saber-para-nao-ser-um-idiota-5093597.html\">O m\u00ednimo que voc\u00ea precisa saber para n\u00e3o ser um idiota<\/a>&#8221; (2013), o homem se tornou um fen\u00f4meno de massas, mas as ideais dele, sem ningu\u00e9m saber de onde elas vinham, j\u00e1 estavam em circula\u00e7\u00e3o h\u00e1 algum tempo. Al\u00e9m de seu conte\u00fado, elas exerciam influ\u00eancia, pela atividade do pr\u00f3prio Olavo de Carvalho e de centenas de seus alunos, ao criar aos poucos na opini\u00e3o p\u00fablico o espa\u00e7o, at\u00e9 ent\u00e3o ex\u00edguo, para a cr\u00edtica ao PT. Sem a cria\u00e7\u00e3o desse espa\u00e7o, pessoas que hoje ridicularizam o homem jamais teriam aberto a boca.<\/p>\n<p style=\"text-align: justify;\">Houve tamb\u00e9m, sem d\u00favida, muitos desenvolvimentos paralelos menores, como a cr\u00edtica n\u00e3o ideol\u00f3gica ao PT de jornalistas como Diogo Mainardi, a pr\u00f3pria revela\u00e7\u00e3o dos fatos: mensal\u00e3o, conex\u00e3o PT-Farc etc., al\u00e9m da atividade de movimentos e personalidades liberais. Nada disso, no entanto, se equiparava em unidade e amplitude \u00e0s ideias do fil\u00f3sofo.<\/p>\n<p style=\"text-align: justify;\">Entre o meio de 2014 e o de 2015, a sucess\u00e3o de eventos se avolumou: houve a cole\u00e7\u00e3o de iniquidades da campanha eleitoral, o ultraje da Copa do Mundo e o avan\u00e7o da Opera\u00e7\u00e3o Lava Jato, revelando o grau de perf\u00eddia do PT e enfurecendo o povo. Surgiu O Antagonista, denunciando os crimes do partido implacavelmente de minuto a minuto, pressionando pol\u00edticos e imprensa, ridicularizando e dessecralizando o poder; avolumou-se a crise, os esc\u00e2ndalos tornaram-se di\u00e1rios, foram reveladas as pedaladas fiscais e, enfim, Eduardo Cunha foi para a oposi\u00e7\u00e3o. S\u00f3 por essa \u00e9poca \u00e9 que come\u00e7aram as manifesta\u00e7\u00f5es e apareceu o Movimento Brasil Livre, cuja atividade seria impens\u00e1vel sem tudo o que veio antes. Os movimentos foram a cereja do bolo, a maisena que se acrescenta ao molho j\u00e1 pronto para dar consist\u00eancia.<\/p>\n<p style=\"text-align: justify;\">Quando explodiu o \u00f3dio ao PT catalisado pela crise econ\u00f4mica, pela deteriora\u00e7\u00e3o do ambiente pol\u00edtico, pelos esc\u00e2ndalos de corrup\u00e7\u00e3o di\u00e1rios e pelo clima de guerra instaurado pela atividade tanto de site como O Antagonista quanto de movimentos como, sim, o MBL, o discurso antipetista estava pronto. Sem esse discurso, nenhuma unidade de prop\u00f3sitos e a\u00e7\u00e3o seria poss\u00edvel; aconteceria antes um \u00f3dio difuso. E a fonte principal e \u00faltima desse discurso \u00e9, sim, a atividade jornal\u00edstica e filos\u00f3fica de Olavo de Carvalho.<\/p>\n<p style=\"text-align: justify;\">N\u00e3o \u00e9, pois, nenhum absurdo o fil\u00f3sofo dizer, como disse recentemente, para a gargalhada das hordas obtusas, que criou toda esta confus\u00e3o que est\u00e1 acontecendo no Brasil. Certamente n\u00e3o criou sozinho, mas n\u00e3o \u00e9 poss\u00edvel duvidar que foi um dos principais criadores. Voc\u00ea pode rir e cr\u00ea-lo um louco delirante, por que n\u00e3o? Riram at\u00e9 de S\u00f3crates, afinal, antes de o matar. Mas faz\u00ea-lo \u00e9 apenas ignorar onde est\u00e3o as ra\u00edzes da sua pr\u00f3pria a\u00e7\u00e3o, \u00e9 apenas tomar sua pr\u00f3pria ignor\u00e2ncia como padr\u00e3o do mundo, \u00e9 apenas, enfim, crer que os supermercados s\u00e3o a causa das cenouras.<\/p>\n<hr \/>\n<h5 style=\"text-align: justify;\">Fonte: adaptado a partir de post no Facebook, em 16\/05\/2015, publicado neste link:<br \/>\n<a href=\"https:\/\/www.facebook.com\/eduardo.levy.5872\/posts\/486337548236983\">https:\/\/www.facebook.com\/eduardo.levy.5872\/posts\/486337548236983<\/a><\/h5>\n","protected":false},"excerpt":{"rendered":"<p>Autor: Eduardo Levy H\u00e1 um erro grotesco circulando por a\u00ed que precisa ser corrigido, pelo bem dos contempor\u00e2neos e dos p\u00f3steros. \u00c9 um erro sobre&#8230;<\/p>\n","protected":false},"author":1,"featured_media":977,"comment_status":"open","ping_status":"open","sticky":false,"template":"","format":"standard","meta":[],"categories":[3,2],"tags":[],"_links":{"self":[{"href":"http:\/\/acaopolitica.com\/index.php\/wp-json\/wp\/v2\/posts\/976"}],"collection":[{"href":"http:\/\/acaopolitica.com\/index.php\/wp-json\/wp\/v2\/posts"}],"about":[{"href":"http:\/\/acaopolitica.com\/index.php\/wp-json\/wp\/v2\/types\/post"}],"author":[{"embeddable":true,"href":"http:\/\/acaopolitica.com\/index.php\/wp-json\/wp\/v2\/users\/1"}],"replies":[{"embeddable":true,"href":"http:\/\/acaopolitica.com\/index.php\/wp-json\/wp\/v2\/comments?post=976"}],"version-history":[{"count":1,"href":"http:\/\/acaopolitica.com\/index.php\/wp-json\/wp\/v2\/posts\/976\/revisions"}],"predecessor-version":[{"id":978,"href":"http:\/\/acaopolitica.com\/index.php\/wp-json\/wp\/v2\/posts\/976\/revisions\/978"}],"wp:featuredmedia":[{"embeddable":true,"href":"http:\/\/acaopolitica.com\/index.php\/wp-json\/wp\/v2\/media\/977"}],"wp:attachment":[{"href":"http:\/\/acaopolitica.com\/index.php\/wp-json\/wp\/v2\/media?parent=976"}],"wp:term":[{"taxonomy":"category","embeddable":true,"href":"http:\/\/acaopolitica.com\/index.php\/wp-json\/wp\/v2\/categories?post=976"},{"taxonomy":"post_tag","embeddable":true,"href":"http:\/\/acaopolitica.com\/index.php\/wp-json\/wp\/v2\/tags?post=976"}],"curies":[{"name":"wp","href":"https:\/\/api.w.org\/{rel}","templated":true}]}}