{"id":979,"date":"2016-05-19T01:45:19","date_gmt":"2016-05-19T01:45:19","guid":{"rendered":"http:\/\/acaopolitica.com\/?p=979"},"modified":"2016-05-19T01:46:08","modified_gmt":"2016-05-19T01:46:08","slug":"reinaldo-azedo-ascendente-e-vitorioso","status":"publish","type":"post","link":"http:\/\/acaopolitica.com\/index.php\/2016\/05\/19\/reinaldo-azedo-ascendente-e-vitorioso\/","title":{"rendered":"Reinaldo Azedo, ascendente e vitorioso."},"content":{"rendered":"<p>Infelizmente, n\u00e3o sou t\u00e3o bom escritor quanto Reinaldo Azevedo, fato not\u00f3rio, por\u00e9m creio que refor\u00e7\u00e1-lo nunca \u00e9 demais. Entretanto, me poupo de postar galhofas, seja sobre ele ou sobre seus asseclas da esquerda Fabiana que ele tanto vive a enaltecer, afinal nesse momento que estamos combatendo um inimigo \u201cem comum\u201d \u00e9 interessante que n\u00e3o surja diverg\u00eancia entre n\u00f3s, aliados tempor\u00e1rios. Para quem conhece mais a respeito do Reinaldo, fica evidente que ele \u00e9 um esquerdista real, n\u00e3o como esses traidores petistas, que deturparam Marx, n\u00e3o, ele \u00e9 um leg\u00edtimo trotskista. Estranho, que o pr\u00f3prio Trotsky foi acusado de deturpar Marx&#8230;<\/p>\n<p style=\"text-align: justify;\">\u00a0\u00a0\u00a0\u00a0\u00a0\u00a0\u00a0\u00a0\u00a0\u00a0\u00a0\u00a0\u00a0\u00a0\u00a0 Evidente que n\u00e3o podemos t\u00ea-lo como aliado, ele n\u00e3o \u00e9 \u201cdos nossos\u201d, de direita, libert\u00e1rio qui\u00e7\u00e1 liberal. Suas exposi\u00e7\u00f5es sempre salientam n\u00e3o a incompet\u00eancia completa e o incha\u00e7o gigantesco do estado, mas ele tece sempre uma linha t\u00eanue sobre uma m\u00e1 pol\u00edtica estatal pontual, afinal para ele, o estado grande n\u00e3o \u00e9 apenas saud\u00e1vel, \u00e9 obrigat\u00f3rio, viva URSS! Ele acusa o professor Olavo de beijar botas, mas sua atitude n\u00e3o \u00e9 diferente ao defender esses fac\u00ednoras de esquerda incutindo a esses genocidas um manto de incompreendidos.<\/p>\n<p style=\"text-align: justify;\">\u00a0\u00a0\u00a0\u00a0\u00a0\u00a0\u00a0\u00a0\u00a0\u00a0\u00a0\u00a0\u00a0\u00a0\u00a0 Fica clara tamb\u00e9m sua preocupa\u00e7\u00e3o em destruir qualquer um que seja de fato contr\u00e1rio ao projeto de poder esquerdista e ao dom\u00ednio do politicamente correto, quando acusa o professor Olavo de ser contr\u00e1rio ao Impeachment e alheio \u00e0 realidade, prova que Reinaldo est\u00e1 apenas projetando sua aliena\u00e7\u00e3o no professor, j\u00e1 que quem o acompanha de fato, viu o professor incentivando as pessoas a se manifestarem nas ruas pr\u00f3-impeachment. De outro lado, quem esteve nas ruas todas \u00e0s vezes, viu n\u00e3o outra coisa sen\u00e3o os cartazes de \u201cOlavo Tem Raz\u00e3o\u201d aumentando a cada manifesta\u00e7\u00e3o popular, e nesse aspecto, falo com conhecimento de causa, pois estive a frente da organiza\u00e7\u00e3o de todas as Manifesta\u00e7\u00f5es de Blumenau. Entretanto, n\u00e3o vimos nenhum cartaz fazendo men\u00e7\u00e3o a Reinaldo, O Azedo ou Renan Santos, O Leve e Descontra\u00eddo, o pet mais fofinho do Reinaldo &#8211; seja l\u00e1 o que ele quer dizer com leve -.<\/p>\n<p style=\"text-align: justify;\">\u00a0 \u00a0 \u00a0 \u00a0 \u00a0 \u00a0 \u00a0\u00a0O que vimos o professor Olavo dizer foi: \u201cEst\u00e3o dando protagonismo desnecess\u00e1rio aos pol\u00edticos\u201d, e ele n\u00e3o estava equivocado, sa\u00edram como her\u00f3is da na\u00e7\u00e3o, n\u00e3o o pr\u00f3prio povo, mas o congresso e o senado. Esse fato refor\u00e7a a exist\u00eancia dessa esquerda Fabiana que se diz anticomunista, mas \u00e9 somente contr\u00e1ria a setores do Marxismo, vide que fizeram alian\u00e7a com H\u00e9lio Bicudo (um dos fundadores do PT), FHC esse sim, se pronunciou contr\u00e1rio ao impeachment.<\/p>\n<p style=\"text-align: justify;\">\u00a0 \u00a0 \u00a0 \u00a0 \u00a0 Reinaldo, n\u00e3o mais \u00e9 o articulador pol\u00edtico que foi no passado, onde combateu e muito bem o Confecom, ele virou um colunista bad boy defendendo amiguinhos e atacando inimiguinhos, maduro como Nicol\u00e1s, que ele chamava de imaturo, virou de fato um rottweiler amoroso, amante fervoroso da esquerda caviar. Espero que ele volte a si antes que suma dele toda a coer\u00eancia de outrora.<\/p>\n<p>Escrito por <a href=\"https:\/\/www.facebook.com\/jose.galdino.756?fref=ts\">Jos\u00e9 Galdino.<\/a><\/p>\n<p style=\"text-align: justify;\">\n","protected":false},"excerpt":{"rendered":"<p>Infelizmente, n\u00e3o sou t\u00e3o bom escritor quanto Reinaldo Azevedo, fato not\u00f3rio, por\u00e9m creio que refor\u00e7\u00e1-lo nunca \u00e9 demais. Entretanto, me poupo de postar galhofas, seja&#8230;<\/p>\n","protected":false},"author":4,"featured_media":980,"comment_status":"open","ping_status":"open","sticky":false,"template":"","format":"standard","meta":[],"categories":[3,2],"tags":[],"_links":{"self":[{"href":"http:\/\/acaopolitica.com\/index.php\/wp-json\/wp\/v2\/posts\/979"}],"collection":[{"href":"http:\/\/acaopolitica.com\/index.php\/wp-json\/wp\/v2\/posts"}],"about":[{"href":"http:\/\/acaopolitica.com\/index.php\/wp-json\/wp\/v2\/types\/post"}],"author":[{"embeddable":true,"href":"http:\/\/acaopolitica.com\/index.php\/wp-json\/wp\/v2\/users\/4"}],"replies":[{"embeddable":true,"href":"http:\/\/acaopolitica.com\/index.php\/wp-json\/wp\/v2\/comments?post=979"}],"version-history":[{"count":2,"href":"http:\/\/acaopolitica.com\/index.php\/wp-json\/wp\/v2\/posts\/979\/revisions"}],"predecessor-version":[{"id":983,"href":"http:\/\/acaopolitica.com\/index.php\/wp-json\/wp\/v2\/posts\/979\/revisions\/983"}],"wp:featuredmedia":[{"embeddable":true,"href":"http:\/\/acaopolitica.com\/index.php\/wp-json\/wp\/v2\/media\/980"}],"wp:attachment":[{"href":"http:\/\/acaopolitica.com\/index.php\/wp-json\/wp\/v2\/media?parent=979"}],"wp:term":[{"taxonomy":"category","embeddable":true,"href":"http:\/\/acaopolitica.com\/index.php\/wp-json\/wp\/v2\/categories?post=979"},{"taxonomy":"post_tag","embeddable":true,"href":"http:\/\/acaopolitica.com\/index.php\/wp-json\/wp\/v2\/tags?post=979"}],"curies":[{"name":"wp","href":"https:\/\/api.w.org\/{rel}","templated":true}]}}